{"id":2266,"date":"2009-06-02T21:37:31","date_gmt":"2009-06-03T01:37:31","guid":{"rendered":"http:\/\/www.redenoticia.com.br\/noticia\/?p=2266"},"modified":"2009-06-03T00:03:57","modified_gmt":"2009-06-03T04:03:57","slug":"setor-de-material-de-construcao-cresce-45-em-maio","status":"publish","type":"post","link":"https:\/\/migracao.redenoticia.com.br\/noticia\/2009\/setor-de-material-de-construcao-cresce-45-em-maio\/2266","title":{"rendered":"Setor de material de constru\u00e7\u00e3o cresce 4,5% em maio"},"content":{"rendered":"<div><span>As vendas no varejo do setor de material de constru\u00e7\u00e3o cresceram 4,5% no m\u00eas de maio, na compara\u00e7\u00e3o com maio de 2008. Levantamento da Anamaco (Associa\u00e7\u00e3o Nacional dos Comerciantes de Material de Constru\u00e7\u00e3o), entidade que representa as 138 mil lojas de material de constru\u00e7\u00e3o existentes no pa\u00eds, revelou que, com este resultado, as vendas nos cinco primeiros meses do ano, comparativamente com o mesmo per\u00edodo de 2008, empataram em desempenho. \u201cNo acumulado do ano, na compara\u00e7\u00e3o com o mesmo per\u00edodo de 2008, o crescimento foi de 0%. Mantivemos os mesmos \u00edndices, mas consideramos este dado muito positivo, visto que no ano passado tivemos recorde de faturamento, correspondente a R$ 43,23 bilh\u00f5es, 9,5% a mais que em 2007\u201d, explica o presidente da Anamaco, Cl\u00e1udio Conz.<\/span><\/div>\n<div><span>Segundo o estudo da entidade, nos meses de abril e maio, com a redu\u00e7\u00e3o do IPI (Imposto sobre Produtos Industrializados) incidente sobre 30 itens do setor, produtos como o cimento, tinta e cer\u00e2mica tiveram uma redu\u00e7\u00e3o m\u00e9dia nos pre\u00e7os de 8,5%. \u201cFoi necess\u00e1rio vender fisicamente maior quantidade para alcan\u00e7armos este faturamento\u201d, explica Conz. \u201cEstes n\u00fameros s\u00e3o muito importantes para o setor, se levarmos em conta que iniciamos o ano com queda de 12% nas vendas em janeiro e fevereiro. Em mar\u00e7o, abril e maio tivemos crescimento constante e isto nos permite ter seguran\u00e7a em afirmar que poderemos fechar 2009 com crescimento total de 5% sobre 2008\u201d, completa.<\/span><\/div>\n<div><span>Conz ainda lembra que diversas mat\u00e9rias primas tiveram forte queda em seus pre\u00e7os, caso t\u00edpico do fio de cobre usado em ilumina\u00e7\u00e3o e energia, cujo pre\u00e7o, somente neste ano, teve queda de 35%. \u201cSomado a isso, as desonera\u00e7\u00f5es em produtos que tem peso expressivo no faturamento do com\u00e9rcio devem manter as vendas em ascens\u00e3o. O m\u00eas de junho, em tese ser\u00e1 o \u00faltimo m\u00eas em que a redu\u00e7\u00e3o de IPI estar\u00e1 valendo para esses materiais e haver\u00e1 um movimento natural de consumidores \u00e0s lojas. A nossa expectativa \u00e9 de crescer at\u00e9 8% em junho na compara\u00e7\u00e3o com junho de 2008\u201d, afirma.<\/span><\/div>\n<div>\u00a0<\/div>\n<div><strong><span style=\"text-decoration: underline;\"><span>Prorroga\u00e7\u00e3o da redu\u00e7\u00e3o de IPI<\/span><\/span><\/strong><\/div>\n<div><span>Sobre a possibilidade de o Governo Federal prorrogar o prazo da desonera\u00e7\u00e3o de IPI Cl\u00e1udio Conz, que \u00e9 membro do Grupo de Acompanhamento da Crise, criado pelo governo para acompanhar os reflexos da crise econ\u00f4mica internacional nos setores da economia brasileira, diz que a Anamaco est\u00e1 tomando todas as medidas objetivando a amplia\u00e7\u00e3o dos prazos, visto que os efeitos do plano \u201cMinha Casa Minha Vida\u201d, s\u00f3 come\u00e7ar\u00e3o a serem sentidos no pr\u00f3ximo semestre. \u201cJ\u00e1 nos manifestamos no Grupo de Acompanhamento da Crise e em outras frentes, no entanto, at\u00e9 o momento, esta redu\u00e7\u00e3o tempor\u00e1ria valer\u00e1 apenas at\u00e9 30 de junho\u201d, completa.<\/span><\/div>\n<div><span>Em abril, primeiro m\u00eas com redu\u00e7\u00e3o de IPI, mesmo com apenas 16 dias \u00fateis, os produtos desonerados tiveram aumento de vendas de 25%. Em maio, a venda desses itens cresceu 10%. \u201cOs produtos que foram beneficiados com a redu\u00e7\u00e3o do imposto representam 15% do mix do neg\u00f3cio de material de constru\u00e7\u00e3o e tiveram peso fundamental no desempenho do setor nos \u00faltimos dois meses. Prorrogar o prazo \u00e9 manter este aquecimento\u201d, finaliza.<\/span><\/div>\n<div>\u00a0<\/div>\n<div><strong><span style=\"text-decoration: underline;\"><span>Sobre a Anamaco<\/span><\/span><\/strong><\/div>\n<div>\u00a0<\/div>\n<div><span>Fundada em 1984, a Anamaco (Associa\u00e7\u00e3o Nacional dos Comerciantes de Material de Constru\u00e7\u00e3o) \u00e9 uma entidade de classe, sem fins lucrativos, que representa as 138 mil lojas de material de constru\u00e7\u00e3o existentes no pa\u00eds. A entidade funciona como interface entre os \u00f3rg\u00e3os governamentais e as Acomacs (Associa\u00e7\u00e3o dos Comerciantes de Material de Constru\u00e7\u00e3o) regionais e as Fecomacs (Federa\u00e7\u00e3o das Associa\u00e7\u00f5es de Comerciantes de Material de Constru\u00e7\u00e3o), al\u00e9m de fabricantes e comerciantes de material de constru\u00e7\u00e3o.<\/span><\/div>\n<div><span>A Anamaco atua junto ao poder p\u00fablico, criando e apresentando projetos que visam desenvolver o mercado de material de constru\u00e7\u00e3o e a sociedade como um todo. A Associa\u00e7\u00e3o tamb\u00e9m promove debates sobre assuntos que envolvem o setor, como quest\u00f5es ligadas \u00e0 tributa\u00e7\u00e3o e projetos de lei.<\/span><\/div>\n","protected":false},"excerpt":{"rendered":"<p>As vendas no varejo do setor de material de constru\u00e7\u00e3o cresceram 4,5% no m\u00eas de maio, na compara\u00e7\u00e3o com maio de 2008. Levantamento da Anamaco (Associa\u00e7\u00e3o Nacional dos Comerciantes de Material de Constru\u00e7\u00e3o), entidade que representa as 138 mil lojas de material de constru\u00e7\u00e3o existentes no pa\u00eds, revelou que, com este resultado, as vendas nos [&hellip;]<\/p>\n","protected":false},"author":2,"featured_media":0,"comment_status":"open","ping_status":"open","sticky":false,"template":"","format":"standard","meta":{"tdm_status":"","tdm_grid_status":"","footnotes":""},"categories":[22,7],"tags":[],"class_list":{"0":"post-2266","1":"post","2":"type-post","3":"status-publish","4":"format-standard","6":"category-brasil","7":"category-economia"},"_links":{"self":[{"href":"https:\/\/migracao.redenoticia.com.br\/noticia\/wp-json\/wp\/v2\/posts\/2266","targetHints":{"allow":["GET"]}}],"collection":[{"href":"https:\/\/migracao.redenoticia.com.br\/noticia\/wp-json\/wp\/v2\/posts"}],"about":[{"href":"https:\/\/migracao.redenoticia.com.br\/noticia\/wp-json\/wp\/v2\/types\/post"}],"author":[{"embeddable":true,"href":"https:\/\/migracao.redenoticia.com.br\/noticia\/wp-json\/wp\/v2\/users\/2"}],"replies":[{"embeddable":true,"href":"https:\/\/migracao.redenoticia.com.br\/noticia\/wp-json\/wp\/v2\/comments?post=2266"}],"version-history":[{"count":0,"href":"https:\/\/migracao.redenoticia.com.br\/noticia\/wp-json\/wp\/v2\/posts\/2266\/revisions"}],"wp:attachment":[{"href":"https:\/\/migracao.redenoticia.com.br\/noticia\/wp-json\/wp\/v2\/media?parent=2266"}],"wp:term":[{"taxonomy":"category","embeddable":true,"href":"https:\/\/migracao.redenoticia.com.br\/noticia\/wp-json\/wp\/v2\/categories?post=2266"},{"taxonomy":"post_tag","embeddable":true,"href":"https:\/\/migracao.redenoticia.com.br\/noticia\/wp-json\/wp\/v2\/tags?post=2266"}],"curies":[{"name":"wp","href":"https:\/\/api.w.org\/{rel}","templated":true}]}}