{"id":226636,"date":"2022-11-24T16:24:25","date_gmt":"2022-11-24T19:24:25","guid":{"rendered":"https:\/\/www.redenoticia.com.br\/noticia\/?p=226636"},"modified":"2022-11-24T16:24:25","modified_gmt":"2022-11-24T19:24:25","slug":"resumo-cara-e-coragem-25-11-soraia-aborda-hugo-com-pergunta-inconveniente","status":"publish","type":"post","link":"https:\/\/migracao.redenoticia.com.br\/noticia\/2022\/resumo-cara-e-coragem-25-11-soraia-aborda-hugo-com-pergunta-inconveniente\/226636","title":{"rendered":"Resumo \u201cCara e Coragem\u201d 25\/11: Soraia aborda Hugo com pergunta inconveniente"},"content":{"rendered":"<p> <img loading=\"lazy\" decoding=\"async\" class=\"aligncenter size-full wp-image-220184\" src=\"https:\/\/migracao.redenoticia.com.br\/noticia\/imagens\/cara-e-coragem.jpg\" alt=\"\" width=\"1280\" height=\"720\" srcset=\"https:\/\/migracao.redenoticia.com.br\/noticia\/imagens\/cara-e-coragem.jpg 1280w, https:\/\/migracao.redenoticia.com.br\/noticia\/imagens\/cara-e-coragem-250x140.jpg 250w, https:\/\/migracao.redenoticia.com.br\/noticia\/imagens\/cara-e-coragem-400x225.jpg 400w, https:\/\/migracao.redenoticia.com.br\/noticia\/imagens\/cara-e-coragem-768x432.jpg 768w, https:\/\/migracao.redenoticia.com.br\/noticia\/imagens\/cara-e-coragem-150x84.jpg 150w\" sizes=\"auto, (max-width: 1280px) 100vw, 1280px\" \/><\/p>\n<p><strong><em>Resumo da novela \u201cCara e Coragem\u201d<\/em><\/strong> em 25\/11: no cap\u00edtulo 155(*) da novela, Pat se enfurece com Rebeca e a manda embora de sua casa. Regina pergunta a Danilo por que ele tem obsess\u00e3o pela SG. Danilo pede para Regina ser sua espi\u00e3 na sider\u00fargica. Lou tem uma conversa s\u00e9ria com Joca. Moa fala para Pat que est\u00e1 se lembrando dos momentos juntos dos dois. Renan reata com J\u00e9ssica. Lou elogia Pat como bailarina. Ol\u00edvia questiona Enzo sobre a presen\u00e7a de Hugo no espet\u00e1culo. Andr\u00e9a incentiva Hugo a assistir ao espet\u00e1culo de Enzo na Companhia de dan\u00e7a vertical. <\/p>\n<p>Danilo convence Regina a se aliar a ele. Dona Lia se preocupa com o estado de Leonardo. Regina enfrenta Clarice na SG. A jornalista Soraia Reis descobre que Enzo estrear\u00e1 um espet\u00e1culo na companhia de dan\u00e7a e decide cobrir o evento. Renan faz exig\u00eancias para J\u00e9ssica, que aceita sem perceber o abuso do namorado. Alfredo convida Ol\u00edvia para morar com ele. Soraia aborda Hugo com uma pergunta inconveniente, que deixa o ator sem gra\u00e7a. Regina se enfurece ao chegar em casa e encontrar uma festa armada por Leonardo.<\/p>\n<p>(*) edi\u00e7\u00e3o das novelas da Globo, \u201cCara e Coragem\u201d, sujeito a altera\u00e7\u00e3o de data e conte\u00fado.<\/p>\n<p>Sinopse \u201cCara e Coragem\u201d: Os dubl\u00eas profissionais Pat e Moa ter\u00e3o seus caminhos tra\u00e7ados com o da empres\u00e1ria Clarice Gusm\u00e3o, diretora da Sider\u00fargica Gusm\u00e3o e inventora de uma f\u00f3rmula secreta milion\u00e1ria, que ser\u00e1 invejada por Leonardo, irm\u00e3o de Clarice, sua amante Regina, e Danilo, tamb\u00e9m empres\u00e1rio.<\/p>\n<p>Enquanto os dubl\u00eas se descobrir\u00e3o apaixonados um pelo outro, mesmo que eles n\u00e3o admitam, Clarice ter\u00e1 um caso com \u00cdtalo, um instrutor de parkur, al\u00e9m de outros segredos obscuros dentro da trama. Uma reviravolta em sua vida acontece ao descobrir a exist\u00eancia de Anita, uma s\u00f3sia sua, mas com uma personalidade totalmente oposta.<\/p>\n","protected":false},"excerpt":{"rendered":"<p>Resumo da novela \u201cCara e Coragem\u201d em 25\/11: no cap\u00edtulo 155(*) da novela, Pat se enfurece com Rebeca e a manda embora de sua casa. Regina pergunta a Danilo por que ele tem obsess\u00e3o pela SG. Danilo pede para Regina ser sua espi\u00e3 na sider\u00fargica. Lou tem uma conversa s\u00e9ria com Joca. Moa fala para [&hellip;]<\/p>\n","protected":false},"author":2,"featured_media":220185,"comment_status":"closed","ping_status":"closed","sticky":false,"template":"","format":"standard","meta":{"tdm_status":"","tdm_grid_status":"","footnotes":""},"categories":[2281,379,375,2025,343],"tags":[441],"class_list":{"0":"post-226636","1":"post","2":"type-post","3":"status-publish","4":"format-standard","5":"has-post-thumbnail","7":"category-cara-e-coragem","8":"category-novelas","9":"category-rede-globo","10":"category-resumo","11":"category-televisao","12":"tag-resumo-do-dia"},"_links":{"self":[{"href":"https:\/\/migracao.redenoticia.com.br\/noticia\/wp-json\/wp\/v2\/posts\/226636","targetHints":{"allow":["GET"]}}],"collection":[{"href":"https:\/\/migracao.redenoticia.com.br\/noticia\/wp-json\/wp\/v2\/posts"}],"about":[{"href":"https:\/\/migracao.redenoticia.com.br\/noticia\/wp-json\/wp\/v2\/types\/post"}],"author":[{"embeddable":true,"href":"https:\/\/migracao.redenoticia.com.br\/noticia\/wp-json\/wp\/v2\/users\/2"}],"replies":[{"embeddable":true,"href":"https:\/\/migracao.redenoticia.com.br\/noticia\/wp-json\/wp\/v2\/comments?post=226636"}],"version-history":[{"count":0,"href":"https:\/\/migracao.redenoticia.com.br\/noticia\/wp-json\/wp\/v2\/posts\/226636\/revisions"}],"wp:featuredmedia":[{"embeddable":true,"href":"https:\/\/migracao.redenoticia.com.br\/noticia\/wp-json\/wp\/v2\/media\/220185"}],"wp:attachment":[{"href":"https:\/\/migracao.redenoticia.com.br\/noticia\/wp-json\/wp\/v2\/media?parent=226636"}],"wp:term":[{"taxonomy":"category","embeddable":true,"href":"https:\/\/migracao.redenoticia.com.br\/noticia\/wp-json\/wp\/v2\/categories?post=226636"},{"taxonomy":"post_tag","embeddable":true,"href":"https:\/\/migracao.redenoticia.com.br\/noticia\/wp-json\/wp\/v2\/tags?post=226636"}],"curies":[{"name":"wp","href":"https:\/\/api.w.org\/{rel}","templated":true}]}}