{"id":226658,"date":"2022-11-25T17:16:02","date_gmt":"2022-11-25T20:16:02","guid":{"rendered":"https:\/\/www.redenoticia.com.br\/noticia\/?p=226658"},"modified":"2022-11-25T17:16:02","modified_gmt":"2022-11-25T20:16:02","slug":"resumo-cara-e-coragem-26-11-regina-ameaca-leonardo","status":"publish","type":"post","link":"https:\/\/migracao.redenoticia.com.br\/noticia\/2022\/resumo-cara-e-coragem-26-11-regina-ameaca-leonardo\/226658","title":{"rendered":"Resumo \u201cCara e Coragem\u201d 26\/11: Regina amea\u00e7a Leonardo"},"content":{"rendered":"<p> <img loading=\"lazy\" decoding=\"async\" class=\"aligncenter size-full wp-image-220184\" src=\"https:\/\/migracao.redenoticia.com.br\/noticia\/imagens\/cara-e-coragem.jpg\" alt=\"\" width=\"1280\" height=\"720\" srcset=\"https:\/\/migracao.redenoticia.com.br\/noticia\/imagens\/cara-e-coragem.jpg 1280w, https:\/\/migracao.redenoticia.com.br\/noticia\/imagens\/cara-e-coragem-250x140.jpg 250w, https:\/\/migracao.redenoticia.com.br\/noticia\/imagens\/cara-e-coragem-400x225.jpg 400w, https:\/\/migracao.redenoticia.com.br\/noticia\/imagens\/cara-e-coragem-768x432.jpg 768w, https:\/\/migracao.redenoticia.com.br\/noticia\/imagens\/cara-e-coragem-150x84.jpg 150w\" sizes=\"auto, (max-width: 1280px) 100vw, 1280px\" \/><\/p>\n<p><strong><em>Resumo da novela \u201cCara e Coragem\u201d<\/em><\/strong> em 26\/11: no cap\u00edtulo 156(*) da novela, Regina interrompe a festa de Leonardo e o amea\u00e7a. Andr\u00e9a enfrenta Soraia para defender Hugo. Moa admira Pat em sua apresenta\u00e7\u00e3o de dan\u00e7a vertical. Hugo decide ir embora na hora da apresenta\u00e7\u00e3o de Enzo, por causa de Soraia. Andr\u00e9a encontra Duarte, que tenta se desculpar. Andr\u00e9a avisa a Hugo que Enzo ficou decepcionado com sua atitude durante o espet\u00e1culo. \u00cdtalo entrega a Clarice um anel com um rastreador. <\/p>\n<p>Danilo folheia o livro da SG em que h\u00e1 uma foto de sua fam\u00edlia, e Regina fica desconfiada. Ol\u00edvia conta animada para Lou que ir\u00e1 morar com Alfredo. Armandinho comenta com Rico que Moa est\u00e1 se apaixonando novamente por Pat. Danilo exige que C\u00e9lia o ajude a reconquistar Rebeca. \u00cdtalo avisa a Pat, Moa e Rico que vai levar Clarice para conhecer a sala da intelig\u00eancia. Danilo v\u00ea Rebeca vestida como Fernanda e se surpreende. Clarice fica impactada com o organograma que v\u00ea na sala de intelig\u00eancia na Coragem.com.<\/p>\n<p>(*) edi\u00e7\u00e3o das novelas da Globo, \u201cCara e Coragem\u201d, sujeito a altera\u00e7\u00e3o de data e conte\u00fado.<\/p>\n<p>Sinopse \u201cCara e Coragem\u201d: Os dubl\u00eas profissionais Pat e Moa ter\u00e3o seus caminhos tra\u00e7ados com o da empres\u00e1ria Clarice Gusm\u00e3o, diretora da Sider\u00fargica Gusm\u00e3o e inventora de uma f\u00f3rmula secreta milion\u00e1ria, que ser\u00e1 invejada por Leonardo, irm\u00e3o de Clarice, sua amante Regina, e Danilo, tamb\u00e9m empres\u00e1rio.<\/p>\n<p>Enquanto os dubl\u00eas se descobrir\u00e3o apaixonados um pelo outro, mesmo que eles n\u00e3o admitam, Clarice ter\u00e1 um caso com \u00cdtalo, um instrutor de parkur, al\u00e9m de outros segredos obscuros dentro da trama. Uma reviravolta em sua vida acontece ao descobrir a exist\u00eancia de Anita, uma s\u00f3sia sua, mas com uma personalidade totalmente oposta.<\/p>\n","protected":false},"excerpt":{"rendered":"<p>Resumo da novela \u201cCara e Coragem\u201d em 26\/11: no cap\u00edtulo 156(*) da novela, Regina interrompe a festa de Leonardo e o amea\u00e7a. Andr\u00e9a enfrenta Soraia para defender Hugo. Moa admira Pat em sua apresenta\u00e7\u00e3o de dan\u00e7a vertical. Hugo decide ir embora na hora da apresenta\u00e7\u00e3o de Enzo, por causa de Soraia. Andr\u00e9a encontra Duarte, que [&hellip;]<\/p>\n","protected":false},"author":4,"featured_media":220185,"comment_status":"closed","ping_status":"closed","sticky":false,"template":"","format":"standard","meta":{"tdm_status":"","tdm_grid_status":"","footnotes":""},"categories":[2281,379,375,2025,343],"tags":[441],"class_list":{"0":"post-226658","1":"post","2":"type-post","3":"status-publish","4":"format-standard","5":"has-post-thumbnail","7":"category-cara-e-coragem","8":"category-novelas","9":"category-rede-globo","10":"category-resumo","11":"category-televisao","12":"tag-resumo-do-dia"},"_links":{"self":[{"href":"https:\/\/migracao.redenoticia.com.br\/noticia\/wp-json\/wp\/v2\/posts\/226658","targetHints":{"allow":["GET"]}}],"collection":[{"href":"https:\/\/migracao.redenoticia.com.br\/noticia\/wp-json\/wp\/v2\/posts"}],"about":[{"href":"https:\/\/migracao.redenoticia.com.br\/noticia\/wp-json\/wp\/v2\/types\/post"}],"author":[{"embeddable":true,"href":"https:\/\/migracao.redenoticia.com.br\/noticia\/wp-json\/wp\/v2\/users\/4"}],"replies":[{"embeddable":true,"href":"https:\/\/migracao.redenoticia.com.br\/noticia\/wp-json\/wp\/v2\/comments?post=226658"}],"version-history":[{"count":0,"href":"https:\/\/migracao.redenoticia.com.br\/noticia\/wp-json\/wp\/v2\/posts\/226658\/revisions"}],"wp:featuredmedia":[{"embeddable":true,"href":"https:\/\/migracao.redenoticia.com.br\/noticia\/wp-json\/wp\/v2\/media\/220185"}],"wp:attachment":[{"href":"https:\/\/migracao.redenoticia.com.br\/noticia\/wp-json\/wp\/v2\/media?parent=226658"}],"wp:term":[{"taxonomy":"category","embeddable":true,"href":"https:\/\/migracao.redenoticia.com.br\/noticia\/wp-json\/wp\/v2\/categories?post=226658"},{"taxonomy":"post_tag","embeddable":true,"href":"https:\/\/migracao.redenoticia.com.br\/noticia\/wp-json\/wp\/v2\/tags?post=226658"}],"curies":[{"name":"wp","href":"https:\/\/api.w.org\/{rel}","templated":true}]}}