{"id":22666,"date":"2010-01-29T16:32:16","date_gmt":"2010-01-29T20:32:16","guid":{"rendered":"http:\/\/www.redenoticia.com.br\/noticia\/?p=22666"},"modified":"2018-08-13T10:51:43","modified_gmt":"2018-08-13T13:51:43","slug":"bbb10-prova-do-lider-e-definida-entre-lia-e-lena","status":"publish","type":"post","link":"https:\/\/migracao.redenoticia.com.br\/noticia\/2010\/bbb10-prova-do-lider-e-definida-entre-lia-e-lena\/22666","title":{"rendered":"BBB10 \u2013 prova do l\u00edder \u00e9 definida entre Lia e Lena"},"content":{"rendered":"<p><strong><em><span style=\"font-style: normal; font-weight: normal;\"><img loading=\"lazy\" decoding=\"async\" class=\"alignleft size-full wp-image-22137\" title=\"BBB 10\" src=\"http:\/\/imagens.redenoticia.com.br\/BBB-10.jpg\" alt=\"\" width=\"300\" height=\"193\" srcset=\"https:\/\/migracao.redenoticia.com.br\/noticia\/imagens\/BBB-10.jpg 300w, https:\/\/migracao.redenoticia.com.br\/noticia\/imagens\/BBB-10-250x161.jpg 250w, https:\/\/migracao.redenoticia.com.br\/noticia\/imagens\/BBB-10-150x97.jpg 150w\" sizes=\"auto, (max-width: 300px) 100vw, 300px\" \/><\/span>BBB10<\/em><\/strong> \u2013 a <strong><em>prova do l\u00edder<\/em><\/strong> iniciada nesta quinta-feira (28\/01) e produzida pela <strong><em>Rede Globo<\/em><\/strong> mostrou a resist\u00eancia das sisters BBB10 <strong><em>Lia e Lena<\/em><\/strong>, ao permanecerem dentro de uma estrutura de madeira por mais de 18 horas. Dourado foi o primeiro a desistir e o primeiro a apoiar os demais brothers BBB10 com dicas de alongamento e leitura de livros de auto ajuda. Entre desist\u00eancias e infra\u00e7\u00f5es os demais competidores foram sendo eliminados na seguinte seq\u00fc\u00eancia: Elieser, Dicesar, Alex, Fernanda, Claudia, Ang\u00e9lica, Uilliam e Cadu. Maroca, Michel, S\u00e9rgio e Tess\u00e1lia sa\u00edram praticamente na mesma hora. Lia e Lena permaneceram na disputa at\u00e9 \u00e0s e, no final, Lena disse que estava cansada e saiu da prova. Lia \u00e9 a nova l\u00edder do BBB10 e imunizou tamb\u00e9m os brothers de sua tribo, Cadu e Cacau.<\/p>\n<p>Ap\u00f3s o termino da prova do l\u00edder BBB10, Lia teve todo o apoio dos moradores do puxadinho. Dourado levou-a at\u00e9 o quarto no colo e os demais serviram isotonico e frutas. Lena n\u00e3o teve todo este carinho.<\/p>\n<p>O programa BBB10 &#8211; o BBB 10 vai ao ar do dia 12 de janeiro at\u00e9 o dia 31 de mar\u00e7o, com uma final que garante ao vencedor da competi\u00e7\u00e3o o pr\u00eamio in\u00e9dito de R$ 1,5 milh\u00e3o.<\/p>\n<p>Para festejar a d\u00e9cima edi\u00e7\u00e3o do BBB, o pr\u00eamio para os tr\u00eas finalistas est\u00e1 maior. O vencedor da disputa BBB10 levar\u00e1 para casa R$ 1,5 milh\u00e3o, livre de impostos. O segundo colocado leva R$ 150 mil e o terceiro, R$ 50 mil. De 2005 at\u00e9 o ano passado, os pr\u00eamios eram, respectivamente, de R$ 1 milh\u00e3o, R$ 100 mil e R$ 30 mil. Mas n\u00e3o s\u00f3 os finalistas ganham no BBB. Durante os quase tr\u00eas meses de confinamento, os participantes realizam provas com pr\u00eamios diversos. Nas edi\u00e7\u00f5es passadas, os sortudos ganharam carros, computadores, eletrodom\u00e9sticos e passeios, entre outras maravilhas.<\/p>\n<p>BBB10<\/p>\n","protected":false},"excerpt":{"rendered":"<p>BBB10 \u2013 a prova do l\u00edder iniciada nesta quinta-feira (28\/01) e produzida pela Rede Globo mostrou a resist\u00eancia das sisters BBB10 Lia e Lena, ao permanecerem dentro de uma estrutura de madeira por mais de 18 horas. Dourado foi o primeiro a desistir e o primeiro a apoiar os demais brothers BBB10 com dicas de [&hellip;]<\/p>\n","protected":false},"author":3,"featured_media":22137,"comment_status":"open","ping_status":"open","sticky":false,"template":"","format":"standard","meta":{"tdm_status":"","tdm_grid_status":"","footnotes":""},"categories":[520,22,375,343],"tags":[],"class_list":{"0":"post-22666","1":"post","2":"type-post","3":"status-publish","4":"format-standard","5":"has-post-thumbnail","7":"category-big-brother-brasil","8":"category-brasil","9":"category-rede-globo","10":"category-televisao"},"_links":{"self":[{"href":"https:\/\/migracao.redenoticia.com.br\/noticia\/wp-json\/wp\/v2\/posts\/22666","targetHints":{"allow":["GET"]}}],"collection":[{"href":"https:\/\/migracao.redenoticia.com.br\/noticia\/wp-json\/wp\/v2\/posts"}],"about":[{"href":"https:\/\/migracao.redenoticia.com.br\/noticia\/wp-json\/wp\/v2\/types\/post"}],"author":[{"embeddable":true,"href":"https:\/\/migracao.redenoticia.com.br\/noticia\/wp-json\/wp\/v2\/users\/3"}],"replies":[{"embeddable":true,"href":"https:\/\/migracao.redenoticia.com.br\/noticia\/wp-json\/wp\/v2\/comments?post=22666"}],"version-history":[{"count":0,"href":"https:\/\/migracao.redenoticia.com.br\/noticia\/wp-json\/wp\/v2\/posts\/22666\/revisions"}],"wp:featuredmedia":[{"embeddable":true,"href":"https:\/\/migracao.redenoticia.com.br\/noticia\/wp-json\/wp\/v2\/media\/22137"}],"wp:attachment":[{"href":"https:\/\/migracao.redenoticia.com.br\/noticia\/wp-json\/wp\/v2\/media?parent=22666"}],"wp:term":[{"taxonomy":"category","embeddable":true,"href":"https:\/\/migracao.redenoticia.com.br\/noticia\/wp-json\/wp\/v2\/categories?post=22666"},{"taxonomy":"post_tag","embeddable":true,"href":"https:\/\/migracao.redenoticia.com.br\/noticia\/wp-json\/wp\/v2\/tags?post=22666"}],"curies":[{"name":"wp","href":"https:\/\/api.w.org\/{rel}","templated":true}]}}