{"id":226680,"date":"2022-11-27T16:32:27","date_gmt":"2022-11-27T19:32:27","guid":{"rendered":"https:\/\/www.redenoticia.com.br\/noticia\/?p=226680"},"modified":"2022-11-27T16:33:54","modified_gmt":"2022-11-27T19:33:54","slug":"resumo-cara-e-coragem-28-11-regina-parabeniza-jonathan-pelas-armas-de-fogo","status":"publish","type":"post","link":"https:\/\/migracao.redenoticia.com.br\/noticia\/2022\/resumo-cara-e-coragem-28-11-regina-parabeniza-jonathan-pelas-armas-de-fogo\/226680","title":{"rendered":"Resumo \u201cCara e Coragem\u201d 28\/11: Regina parabeniza Jonathan pelas armas de fogo"},"content":{"rendered":"<p> <img loading=\"lazy\" decoding=\"async\" class=\"aligncenter size-full wp-image-220184\" src=\"https:\/\/migracao.redenoticia.com.br\/noticia\/imagens\/cara-e-coragem.jpg\" alt=\"\" width=\"1280\" height=\"720\" srcset=\"https:\/\/migracao.redenoticia.com.br\/noticia\/imagens\/cara-e-coragem.jpg 1280w, https:\/\/migracao.redenoticia.com.br\/noticia\/imagens\/cara-e-coragem-250x140.jpg 250w, https:\/\/migracao.redenoticia.com.br\/noticia\/imagens\/cara-e-coragem-400x225.jpg 400w, https:\/\/migracao.redenoticia.com.br\/noticia\/imagens\/cara-e-coragem-768x432.jpg 768w, https:\/\/migracao.redenoticia.com.br\/noticia\/imagens\/cara-e-coragem-150x84.jpg 150w\" sizes=\"auto, (max-width: 1280px) 100vw, 1280px\" \/><\/p>\n<p><strong><em>Resumo da novela \u201cCara e Coragem\u201d<\/em><\/strong> em 28\/11: no cap\u00edtulo 157(*) da novela, Clarice revela aos s\u00f3cios da Coragem.com que iria se encontrar com Danilo na noite de seu atentado. Rebeca pede o div\u00f3rcio a Danilo. Moa se lembra de quando entregou a f\u00f3rmula para os compradores e vibra com Pat, que se entristece por ele n\u00e3o se lembrar que eram um casal. <\/p>\n<p>Fernanda aceita sair com Paulo. Duarte recebe uma intima\u00e7\u00e3o para depor na delegacia. Alfredo se surpreende com a resposta dos filhos quando avisa que Ol\u00edvia ir\u00e1 morar com ele. Dagmar confessa a Lia que tem medo de Regina. Alexei agradece Danilo pela venda da f\u00f3rmula de magn\u00e9sio. <\/p>\n<p>Enzo impede Hugo de agredir um paparazzo. Dalva incentiva Anita a lutar por \u00cdtalo. Marcela pede para sentar \u00e0 mesa com Fernanda e Paulo. Moa lembra de um beijo entre ele e Pat. Regina parabeniza Jonathan pelo sucesso das armas de fogo criadas com a f\u00f3rmula de magn\u00e9sio e o deixa arrasado.<\/p>\n<p>(*) edi\u00e7\u00e3o das novelas da Globo, \u201cCara e Coragem\u201d, sujeito a altera\u00e7\u00e3o de data e conte\u00fado.<\/p>\n<p>Sinopse \u201cCara e Coragem\u201d: Os dubl\u00eas profissionais Pat e Moa ter\u00e3o seus caminhos tra\u00e7ados com o da empres\u00e1ria Clarice Gusm\u00e3o, diretora da Sider\u00fargica Gusm\u00e3o e inventora de uma f\u00f3rmula secreta milion\u00e1ria, que ser\u00e1 invejada por Leonardo, irm\u00e3o de Clarice, sua amante Regina, e Danilo, tamb\u00e9m empres\u00e1rio.<\/p>\n<p>Enquanto os dubl\u00eas se descobrir\u00e3o apaixonados um pelo outro, mesmo que eles n\u00e3o admitam, Clarice ter\u00e1 um caso com \u00cdtalo, um instrutor de parkur, al\u00e9m de outros segredos obscuros dentro da trama. Uma reviravolta em sua vida acontece ao descobrir a exist\u00eancia de Anita, uma s\u00f3sia sua, mas com uma personalidade totalmente oposta.<\/p>\n","protected":false},"excerpt":{"rendered":"<p>Resumo da novela \u201cCara e Coragem\u201d em 28\/11: no cap\u00edtulo 157(*) da novela, Clarice revela aos s\u00f3cios da Coragem.com que iria se encontrar com Danilo na noite de seu atentado. Rebeca pede o div\u00f3rcio a Danilo. Moa se lembra de quando entregou a f\u00f3rmula para os compradores e vibra com Pat, que se entristece por [&hellip;]<\/p>\n","protected":false},"author":4,"featured_media":220185,"comment_status":"closed","ping_status":"closed","sticky":false,"template":"","format":"standard","meta":{"tdm_status":"","tdm_grid_status":"","footnotes":""},"categories":[2281,379,375,2025,343],"tags":[441],"class_list":{"0":"post-226680","1":"post","2":"type-post","3":"status-publish","4":"format-standard","5":"has-post-thumbnail","7":"category-cara-e-coragem","8":"category-novelas","9":"category-rede-globo","10":"category-resumo","11":"category-televisao","12":"tag-resumo-do-dia"},"_links":{"self":[{"href":"https:\/\/migracao.redenoticia.com.br\/noticia\/wp-json\/wp\/v2\/posts\/226680","targetHints":{"allow":["GET"]}}],"collection":[{"href":"https:\/\/migracao.redenoticia.com.br\/noticia\/wp-json\/wp\/v2\/posts"}],"about":[{"href":"https:\/\/migracao.redenoticia.com.br\/noticia\/wp-json\/wp\/v2\/types\/post"}],"author":[{"embeddable":true,"href":"https:\/\/migracao.redenoticia.com.br\/noticia\/wp-json\/wp\/v2\/users\/4"}],"replies":[{"embeddable":true,"href":"https:\/\/migracao.redenoticia.com.br\/noticia\/wp-json\/wp\/v2\/comments?post=226680"}],"version-history":[{"count":0,"href":"https:\/\/migracao.redenoticia.com.br\/noticia\/wp-json\/wp\/v2\/posts\/226680\/revisions"}],"wp:featuredmedia":[{"embeddable":true,"href":"https:\/\/migracao.redenoticia.com.br\/noticia\/wp-json\/wp\/v2\/media\/220185"}],"wp:attachment":[{"href":"https:\/\/migracao.redenoticia.com.br\/noticia\/wp-json\/wp\/v2\/media?parent=226680"}],"wp:term":[{"taxonomy":"category","embeddable":true,"href":"https:\/\/migracao.redenoticia.com.br\/noticia\/wp-json\/wp\/v2\/categories?post=226680"},{"taxonomy":"post_tag","embeddable":true,"href":"https:\/\/migracao.redenoticia.com.br\/noticia\/wp-json\/wp\/v2\/tags?post=226680"}],"curies":[{"name":"wp","href":"https:\/\/api.w.org\/{rel}","templated":true}]}}