{"id":226713,"date":"2022-11-28T14:30:10","date_gmt":"2022-11-28T17:30:10","guid":{"rendered":"https:\/\/www.redenoticia.com.br\/noticia\/?p=226713"},"modified":"2022-11-28T14:30:10","modified_gmt":"2022-11-28T17:30:10","slug":"resumo-cara-e-coragem-29-11-romulo-se-encanta-por-pat","status":"publish","type":"post","link":"https:\/\/migracao.redenoticia.com.br\/noticia\/2022\/resumo-cara-e-coragem-29-11-romulo-se-encanta-por-pat\/226713","title":{"rendered":"Resumo \u201cCara e Coragem\u201d 29\/11: R\u00f4mulo se encanta por Pat"},"content":{"rendered":"<p> <img loading=\"lazy\" decoding=\"async\" class=\"aligncenter size-full wp-image-220184\" src=\"https:\/\/migracao.redenoticia.com.br\/noticia\/imagens\/cara-e-coragem.jpg\" alt=\"\" width=\"1280\" height=\"720\" srcset=\"https:\/\/migracao.redenoticia.com.br\/noticia\/imagens\/cara-e-coragem.jpg 1280w, https:\/\/migracao.redenoticia.com.br\/noticia\/imagens\/cara-e-coragem-250x140.jpg 250w, https:\/\/migracao.redenoticia.com.br\/noticia\/imagens\/cara-e-coragem-400x225.jpg 400w, https:\/\/migracao.redenoticia.com.br\/noticia\/imagens\/cara-e-coragem-768x432.jpg 768w, https:\/\/migracao.redenoticia.com.br\/noticia\/imagens\/cara-e-coragem-150x84.jpg 150w\" sizes=\"auto, (max-width: 1280px) 100vw, 1280px\" \/><\/p>\n<p><strong><em>Resumo da novela \u201cCara e Coragem\u201d<\/em><\/strong> em 29\/11: no cap\u00edtulo 158(*) da novela, Danilo avisa a Regina e Leonardo que Alexei quer dar um presente para eles. Soss\u00f4 reclama com Pat da ida de Ol\u00edvia para a casa de Alfredo. Moa conversa com Rebeca sobre o passado. Marcela fica irritada quando Fernanda vai embora, e Paulo a segue. Moa fica confuso com os seus sentimentos. <\/p>\n<p>Jonathan decide ir embora da cidade. Dona Lia conta para Martha onde Regina est\u00e1 e avisa Pat e Moa para irem \u00e0 SG falar com Clarice. Duarte confessa a Marcela que mentiu em seu depoimento a pedido de Danilo. Moa decide ir com Soss\u00f4 e Chiquinho para a casa de Pat. Dagmar conta para Martha que Regina e Leonardo n\u00e3o estavam com ela na noite do atentado contra Clarice. <\/p>\n<p>R\u00f4mulo, o novo cliente da Coragem.com se encanta por Pat. Soss\u00f4 e Chiquinho tentam ajudar Moa a se lembrar do que ele sente por Pat. Clarice culpa Pat, Moa e \u00cdtalo pelo resultado do teste feito com as armas produzidas com a f\u00f3rmula de magn\u00e9sio.<\/p>\n<p>(*) edi\u00e7\u00e3o das novelas da Globo, \u201cCara e Coragem\u201d, sujeito a altera\u00e7\u00e3o de data e conte\u00fado.<\/p>\n<p>Sinopse \u201cCara e Coragem\u201d: Os dubl\u00eas profissionais Pat e Moa ter\u00e3o seus caminhos tra\u00e7ados com o da empres\u00e1ria Clarice Gusm\u00e3o, diretora da Sider\u00fargica Gusm\u00e3o e inventora de uma f\u00f3rmula secreta milion\u00e1ria, que ser\u00e1 invejada por Leonardo, irm\u00e3o de Clarice, sua amante Regina, e Danilo, tamb\u00e9m empres\u00e1rio.<\/p>\n<p>Enquanto os dubl\u00eas se descobrir\u00e3o apaixonados um pelo outro, mesmo que eles n\u00e3o admitam, Clarice ter\u00e1 um caso com \u00cdtalo, um instrutor de parkur, al\u00e9m de outros segredos obscuros dentro da trama. Uma reviravolta em sua vida acontece ao descobrir a exist\u00eancia de Anita, uma s\u00f3sia sua, mas com uma personalidade totalmente oposta.<\/p>\n","protected":false},"excerpt":{"rendered":"<p>Resumo da novela \u201cCara e Coragem\u201d em 29\/11: no cap\u00edtulo 158(*) da novela, Danilo avisa a Regina e Leonardo que Alexei quer dar um presente para eles. Soss\u00f4 reclama com Pat da ida de Ol\u00edvia para a casa de Alfredo. Moa conversa com Rebeca sobre o passado. Marcela fica irritada quando Fernanda vai embora, e [&hellip;]<\/p>\n","protected":false},"author":3,"featured_media":220185,"comment_status":"closed","ping_status":"closed","sticky":false,"template":"","format":"standard","meta":{"tdm_status":"","tdm_grid_status":"","footnotes":""},"categories":[2281,379,375,2025,343],"tags":[441],"class_list":{"0":"post-226713","1":"post","2":"type-post","3":"status-publish","4":"format-standard","5":"has-post-thumbnail","7":"category-cara-e-coragem","8":"category-novelas","9":"category-rede-globo","10":"category-resumo","11":"category-televisao","12":"tag-resumo-do-dia"},"_links":{"self":[{"href":"https:\/\/migracao.redenoticia.com.br\/noticia\/wp-json\/wp\/v2\/posts\/226713","targetHints":{"allow":["GET"]}}],"collection":[{"href":"https:\/\/migracao.redenoticia.com.br\/noticia\/wp-json\/wp\/v2\/posts"}],"about":[{"href":"https:\/\/migracao.redenoticia.com.br\/noticia\/wp-json\/wp\/v2\/types\/post"}],"author":[{"embeddable":true,"href":"https:\/\/migracao.redenoticia.com.br\/noticia\/wp-json\/wp\/v2\/users\/3"}],"replies":[{"embeddable":true,"href":"https:\/\/migracao.redenoticia.com.br\/noticia\/wp-json\/wp\/v2\/comments?post=226713"}],"version-history":[{"count":0,"href":"https:\/\/migracao.redenoticia.com.br\/noticia\/wp-json\/wp\/v2\/posts\/226713\/revisions"}],"wp:featuredmedia":[{"embeddable":true,"href":"https:\/\/migracao.redenoticia.com.br\/noticia\/wp-json\/wp\/v2\/media\/220185"}],"wp:attachment":[{"href":"https:\/\/migracao.redenoticia.com.br\/noticia\/wp-json\/wp\/v2\/media?parent=226713"}],"wp:term":[{"taxonomy":"category","embeddable":true,"href":"https:\/\/migracao.redenoticia.com.br\/noticia\/wp-json\/wp\/v2\/categories?post=226713"},{"taxonomy":"post_tag","embeddable":true,"href":"https:\/\/migracao.redenoticia.com.br\/noticia\/wp-json\/wp\/v2\/tags?post=226713"}],"curies":[{"name":"wp","href":"https:\/\/api.w.org\/{rel}","templated":true}]}}