{"id":226742,"date":"2022-11-29T18:29:53","date_gmt":"2022-11-29T21:29:53","guid":{"rendered":"https:\/\/www.redenoticia.com.br\/noticia\/?p=226742"},"modified":"2022-11-29T18:29:53","modified_gmt":"2022-11-29T21:29:53","slug":"resumo-cara-e-coragem-30-11-romulo-convida-pat-para-uma-festa","status":"publish","type":"post","link":"https:\/\/migracao.redenoticia.com.br\/noticia\/2022\/resumo-cara-e-coragem-30-11-romulo-convida-pat-para-uma-festa\/226742","title":{"rendered":"Resumo \u201cCara e Coragem\u201d 30\/11: R\u00f4mulo convida Pat para uma festa"},"content":{"rendered":"<p> <img loading=\"lazy\" decoding=\"async\" class=\"aligncenter size-full wp-image-220184\" src=\"https:\/\/migracao.redenoticia.com.br\/noticia\/imagens\/cara-e-coragem.jpg\" alt=\"\" width=\"1280\" height=\"720\" srcset=\"https:\/\/migracao.redenoticia.com.br\/noticia\/imagens\/cara-e-coragem.jpg 1280w, https:\/\/migracao.redenoticia.com.br\/noticia\/imagens\/cara-e-coragem-250x140.jpg 250w, https:\/\/migracao.redenoticia.com.br\/noticia\/imagens\/cara-e-coragem-400x225.jpg 400w, https:\/\/migracao.redenoticia.com.br\/noticia\/imagens\/cara-e-coragem-768x432.jpg 768w, https:\/\/migracao.redenoticia.com.br\/noticia\/imagens\/cara-e-coragem-150x84.jpg 150w\" sizes=\"auto, (max-width: 1280px) 100vw, 1280px\" \/><\/p>\n<p><strong><em>Resumo da novela \u201cCara e Coragem\u201d<\/em><\/strong> em 30\/11: no cap\u00edtulo 159(*) da novela, Pat sente-se mal ao ver a foto de uma cidade no exterior destru\u00edda, e Moa se preocupa com ela. Danilo fica curioso para saber o que Alexei quer fazer no Brasil. Regina organiza um jantar para Alexei. Ol\u00edvia pensa em ter um filho de Alfredo. Lou tenta alertar J\u00e9ssica sobre Renan. <\/p>\n<p>Moa fica incomodado com o jeito como R\u00f4mulo trata Pat. \u00cdtalo fala com Clarice que Chiquinho poderia ter morrido se eles n\u00e3o tivessem entregado a modifica\u00e7\u00e3o da f\u00f3rmula para os compradores. R\u00f4mulo escolhe Pat para estrelar o comercial. Lou conta para Rico sobre o encontro com Renan. Pat brilha no comercial, e Moa confessa a Armandinho que est\u00e1 se apaixonando por ela. <\/p>\n<p>Danilo teme que Leonardo conte a Martha o que eles fizeram na noite do atentado contra Clarice. Anita v\u00ea a troca de olhares entre Clarice e \u00cdtalo. R\u00f4mulo convida Pat para uma festa. Anita procura Clarice para falar de \u00cdtalo. Alexei entrega para Regina e Leonardo o presente que trouxe para o casal.<\/p>\n<p>(*) edi\u00e7\u00e3o das novelas da Globo, \u201cCara e Coragem\u201d, sujeito a altera\u00e7\u00e3o de data e conte\u00fado.<\/p>\n<p>Sinopse \u201cCara e Coragem\u201d: Os dubl\u00eas profissionais Pat e Moa ter\u00e3o seus caminhos tra\u00e7ados com o da empres\u00e1ria Clarice Gusm\u00e3o, diretora da Sider\u00fargica Gusm\u00e3o e inventora de uma f\u00f3rmula secreta milion\u00e1ria, que ser\u00e1 invejada por Leonardo, irm\u00e3o de Clarice, sua amante Regina, e Danilo, tamb\u00e9m empres\u00e1rio.<\/p>\n<p>Enquanto os dubl\u00eas se descobrir\u00e3o apaixonados um pelo outro, mesmo que eles n\u00e3o admitam, Clarice ter\u00e1 um caso com \u00cdtalo, um instrutor de parkur, al\u00e9m de outros segredos obscuros dentro da trama. Uma reviravolta em sua vida acontece ao descobrir a exist\u00eancia de Anita, uma s\u00f3sia sua, mas com uma personalidade totalmente oposta.<\/p>\n","protected":false},"excerpt":{"rendered":"<p>Resumo da novela \u201cCara e Coragem\u201d em 30\/11: no cap\u00edtulo 159(*) da novela, Pat sente-se mal ao ver a foto de uma cidade no exterior destru\u00edda, e Moa se preocupa com ela. Danilo fica curioso para saber o que Alexei quer fazer no Brasil. Regina organiza um jantar para Alexei. Ol\u00edvia pensa em ter um [&hellip;]<\/p>\n","protected":false},"author":2,"featured_media":220185,"comment_status":"closed","ping_status":"closed","sticky":false,"template":"","format":"standard","meta":{"tdm_status":"","tdm_grid_status":"","footnotes":""},"categories":[2281,379,375,2025,343],"tags":[441],"class_list":{"0":"post-226742","1":"post","2":"type-post","3":"status-publish","4":"format-standard","5":"has-post-thumbnail","7":"category-cara-e-coragem","8":"category-novelas","9":"category-rede-globo","10":"category-resumo","11":"category-televisao","12":"tag-resumo-do-dia"},"_links":{"self":[{"href":"https:\/\/migracao.redenoticia.com.br\/noticia\/wp-json\/wp\/v2\/posts\/226742","targetHints":{"allow":["GET"]}}],"collection":[{"href":"https:\/\/migracao.redenoticia.com.br\/noticia\/wp-json\/wp\/v2\/posts"}],"about":[{"href":"https:\/\/migracao.redenoticia.com.br\/noticia\/wp-json\/wp\/v2\/types\/post"}],"author":[{"embeddable":true,"href":"https:\/\/migracao.redenoticia.com.br\/noticia\/wp-json\/wp\/v2\/users\/2"}],"replies":[{"embeddable":true,"href":"https:\/\/migracao.redenoticia.com.br\/noticia\/wp-json\/wp\/v2\/comments?post=226742"}],"version-history":[{"count":0,"href":"https:\/\/migracao.redenoticia.com.br\/noticia\/wp-json\/wp\/v2\/posts\/226742\/revisions"}],"wp:featuredmedia":[{"embeddable":true,"href":"https:\/\/migracao.redenoticia.com.br\/noticia\/wp-json\/wp\/v2\/media\/220185"}],"wp:attachment":[{"href":"https:\/\/migracao.redenoticia.com.br\/noticia\/wp-json\/wp\/v2\/media?parent=226742"}],"wp:term":[{"taxonomy":"category","embeddable":true,"href":"https:\/\/migracao.redenoticia.com.br\/noticia\/wp-json\/wp\/v2\/categories?post=226742"},{"taxonomy":"post_tag","embeddable":true,"href":"https:\/\/migracao.redenoticia.com.br\/noticia\/wp-json\/wp\/v2\/tags?post=226742"}],"curies":[{"name":"wp","href":"https:\/\/api.w.org\/{rel}","templated":true}]}}