{"id":226803,"date":"2022-12-01T13:50:48","date_gmt":"2022-12-01T16:50:48","guid":{"rendered":"https:\/\/www.redenoticia.com.br\/noticia\/?p=226803"},"modified":"2022-12-01T13:50:48","modified_gmt":"2022-12-01T16:50:48","slug":"resumo-cara-e-coragem-02-12-rebeca-pergunta-a-duarte-sobre-a-morte-de-baby","status":"publish","type":"post","link":"https:\/\/migracao.redenoticia.com.br\/noticia\/2022\/resumo-cara-e-coragem-02-12-rebeca-pergunta-a-duarte-sobre-a-morte-de-baby\/226803","title":{"rendered":"Resumo \u201cCara e Coragem\u201d 02\/12: Rebeca pergunta a Duarte sobre a morte de Baby"},"content":{"rendered":"<p> <img loading=\"lazy\" decoding=\"async\" class=\"aligncenter size-full wp-image-220184\" src=\"https:\/\/migracao.redenoticia.com.br\/noticia\/imagens\/cara-e-coragem.jpg\" alt=\"\" width=\"1280\" height=\"720\" srcset=\"https:\/\/migracao.redenoticia.com.br\/noticia\/imagens\/cara-e-coragem.jpg 1280w, https:\/\/migracao.redenoticia.com.br\/noticia\/imagens\/cara-e-coragem-250x140.jpg 250w, https:\/\/migracao.redenoticia.com.br\/noticia\/imagens\/cara-e-coragem-400x225.jpg 400w, https:\/\/migracao.redenoticia.com.br\/noticia\/imagens\/cara-e-coragem-768x432.jpg 768w, https:\/\/migracao.redenoticia.com.br\/noticia\/imagens\/cara-e-coragem-150x84.jpg 150w\" sizes=\"auto, (max-width: 1280px) 100vw, 1280px\" \/><\/p>\n<p><strong><em>Resumo da novela \u201cCara e Coragem\u201d<\/em><\/strong> em 02\/12: no cap\u00edtulo 161(*) da novela, Armandinho pede para Pat ouvir a explica\u00e7\u00e3o de Moa. Danilo garante a Marcela que Duarte mentiu em seu depoimento. Teca revela para Rebeca a farsa sobre Bob Wright. Moa conta para Rebeca tudo o que aconteceu at\u00e9 a morte de Baby. Regina incentiva Danilo a convencer Alexei para dar um fim em Duarte. Clarice pede para Martha n\u00e3o procurar Leonardo. Alexei combina com Leonardo para conhecer Jonathan. <\/p>\n<p>Pat chora com raiva de Moa. Clarice avisa a Andr\u00e9a que vai aparecer no encontro do grupo de mulheres. Rebeca revela para \u00cdtalo o que sabe sobre a morte de Baby e avisa que pensar\u00e1 em como conseguir maiores informa\u00e7\u00f5es sobre Danilo. Danilo e Regina levam Alexei ao laborat\u00f3rio e questionam Margareth sobre seu esquema. Rebeca pergunta a Duarte sobre a morte de Baby. \u00cdtalo se preocupa ao ver Clarice vestida com o terninho laranja.<\/p>\n<p>(*) edi\u00e7\u00e3o das novelas da Globo, \u201cCara e Coragem\u201d, sujeito a altera\u00e7\u00e3o de data e conte\u00fado.<\/p>\n<p>Sinopse \u201cCara e Coragem\u201d: Os dubl\u00eas profissionais Pat e Moa ter\u00e3o seus caminhos tra\u00e7ados com o da empres\u00e1ria Clarice Gusm\u00e3o, diretora da Sider\u00fargica Gusm\u00e3o e inventora de uma f\u00f3rmula secreta milion\u00e1ria, que ser\u00e1 invejada por Leonardo, irm\u00e3o de Clarice, sua amante Regina, e Danilo, tamb\u00e9m empres\u00e1rio.<\/p>\n<p>Enquanto os dubl\u00eas se descobrir\u00e3o apaixonados um pelo outro, mesmo que eles n\u00e3o admitam, Clarice ter\u00e1 um caso com \u00cdtalo, um instrutor de parkur, al\u00e9m de outros segredos obscuros dentro da trama. Uma reviravolta em sua vida acontece ao descobrir a exist\u00eancia de Anita, uma s\u00f3sia sua, mas com uma personalidade totalmente oposta.<\/p>\n","protected":false},"excerpt":{"rendered":"<p>Resumo da novela \u201cCara e Coragem\u201d em 02\/12: no cap\u00edtulo 161(*) da novela, Armandinho pede para Pat ouvir a explica\u00e7\u00e3o de Moa. Danilo garante a Marcela que Duarte mentiu em seu depoimento. Teca revela para Rebeca a farsa sobre Bob Wright. Moa conta para Rebeca tudo o que aconteceu at\u00e9 a morte de Baby. Regina [&hellip;]<\/p>\n","protected":false},"author":4,"featured_media":220185,"comment_status":"closed","ping_status":"closed","sticky":false,"template":"","format":"standard","meta":{"tdm_status":"","tdm_grid_status":"","footnotes":""},"categories":[2281,379,375,2025,343],"tags":[441],"class_list":{"0":"post-226803","1":"post","2":"type-post","3":"status-publish","4":"format-standard","5":"has-post-thumbnail","7":"category-cara-e-coragem","8":"category-novelas","9":"category-rede-globo","10":"category-resumo","11":"category-televisao","12":"tag-resumo-do-dia"},"_links":{"self":[{"href":"https:\/\/migracao.redenoticia.com.br\/noticia\/wp-json\/wp\/v2\/posts\/226803","targetHints":{"allow":["GET"]}}],"collection":[{"href":"https:\/\/migracao.redenoticia.com.br\/noticia\/wp-json\/wp\/v2\/posts"}],"about":[{"href":"https:\/\/migracao.redenoticia.com.br\/noticia\/wp-json\/wp\/v2\/types\/post"}],"author":[{"embeddable":true,"href":"https:\/\/migracao.redenoticia.com.br\/noticia\/wp-json\/wp\/v2\/users\/4"}],"replies":[{"embeddable":true,"href":"https:\/\/migracao.redenoticia.com.br\/noticia\/wp-json\/wp\/v2\/comments?post=226803"}],"version-history":[{"count":0,"href":"https:\/\/migracao.redenoticia.com.br\/noticia\/wp-json\/wp\/v2\/posts\/226803\/revisions"}],"wp:featuredmedia":[{"embeddable":true,"href":"https:\/\/migracao.redenoticia.com.br\/noticia\/wp-json\/wp\/v2\/media\/220185"}],"wp:attachment":[{"href":"https:\/\/migracao.redenoticia.com.br\/noticia\/wp-json\/wp\/v2\/media?parent=226803"}],"wp:term":[{"taxonomy":"category","embeddable":true,"href":"https:\/\/migracao.redenoticia.com.br\/noticia\/wp-json\/wp\/v2\/categories?post=226803"},{"taxonomy":"post_tag","embeddable":true,"href":"https:\/\/migracao.redenoticia.com.br\/noticia\/wp-json\/wp\/v2\/tags?post=226803"}],"curies":[{"name":"wp","href":"https:\/\/api.w.org\/{rel}","templated":true}]}}