{"id":226827,"date":"2022-12-02T16:18:08","date_gmt":"2022-12-02T19:18:08","guid":{"rendered":"https:\/\/www.redenoticia.com.br\/noticia\/?p=226827"},"modified":"2022-12-02T16:18:08","modified_gmt":"2022-12-02T19:18:08","slug":"resumo-cara-e-coragem-03-12-regina-sugere-plano-para-matar-martha-e-clarice","status":"publish","type":"post","link":"https:\/\/migracao.redenoticia.com.br\/noticia\/2022\/resumo-cara-e-coragem-03-12-regina-sugere-plano-para-matar-martha-e-clarice\/226827","title":{"rendered":"Resumo \u201cCara e Coragem\u201d 03\/12: Regina sugere plano para matar Martha e Clarice"},"content":{"rendered":"<p> <img loading=\"lazy\" decoding=\"async\" class=\"aligncenter size-full wp-image-220184\" src=\"https:\/\/migracao.redenoticia.com.br\/noticia\/imagens\/cara-e-coragem.jpg\" alt=\"\" width=\"1280\" height=\"720\" srcset=\"https:\/\/migracao.redenoticia.com.br\/noticia\/imagens\/cara-e-coragem.jpg 1280w, https:\/\/migracao.redenoticia.com.br\/noticia\/imagens\/cara-e-coragem-250x140.jpg 250w, https:\/\/migracao.redenoticia.com.br\/noticia\/imagens\/cara-e-coragem-400x225.jpg 400w, https:\/\/migracao.redenoticia.com.br\/noticia\/imagens\/cara-e-coragem-768x432.jpg 768w, https:\/\/migracao.redenoticia.com.br\/noticia\/imagens\/cara-e-coragem-150x84.jpg 150w\" sizes=\"auto, (max-width: 1280px) 100vw, 1280px\" \/><\/p>\n<p><strong><em>Resumo da novela \u201cCara e Coragem\u201d<\/em><\/strong> em 03\/12: no cap\u00edtulo 162(*) da novela, \u00cdtalo n\u00e3o consegue impedir Clarice de ir ao encontro com as mulheres. Duarte conta para Rebeca como conheceu Danilo. Margareth fica tensa com a imposi\u00e7\u00e3o de Alexei. Andr\u00e9a revela que descobriu que C\u00e9lia n\u00e3o \u00e9 a m\u00e3e biol\u00f3gica de Rebeca. Alexei insinua uma amea\u00e7a contra a vida de Clarice, na frente de Danilo e Regina. Rebeca afirma a C\u00e9lia que n\u00e3o voltar\u00e1 com Danilo. <\/p>\n<p>Regina sugere que Martha e Clarice sofram um acidente, e Danilo gosta da ideia. Clarice combina de Margareth ser sua espi\u00e3 dentro da SG. Duarte conta animado o plano de Rebeca para J\u00e9ssica. Pat aceita sair com R\u00f4mulo, e Moa fica furioso. Ol\u00edvia comenta que quer ter outro filho, e Alfredo fica tenso. Rebeca decide procurar algum documento que incrimine Danilo em sua casa. Regina pede que Alexei tire Martha e Clarice de sua vida. Danilo encontra Rebeca em sua casa.<\/p>\n<p>(*) edi\u00e7\u00e3o das novelas da Globo, \u201cCara e Coragem\u201d, sujeito a altera\u00e7\u00e3o de data e conte\u00fado.<\/p>\n<p>Sinopse \u201cCara e Coragem\u201d: Os dubl\u00eas profissionais Pat e Moa ter\u00e3o seus caminhos tra\u00e7ados com o da empres\u00e1ria Clarice Gusm\u00e3o, diretora da Sider\u00fargica Gusm\u00e3o e inventora de uma f\u00f3rmula secreta milion\u00e1ria, que ser\u00e1 invejada por Leonardo, irm\u00e3o de Clarice, sua amante Regina, e Danilo, tamb\u00e9m empres\u00e1rio.<\/p>\n<p>Enquanto os dubl\u00eas se descobrir\u00e3o apaixonados um pelo outro, mesmo que eles n\u00e3o admitam, Clarice ter\u00e1 um caso com \u00cdtalo, um instrutor de parkur, al\u00e9m de outros segredos obscuros dentro da trama. Uma reviravolta em sua vida acontece ao descobrir a exist\u00eancia de Anita, uma s\u00f3sia sua, mas com uma personalidade totalmente oposta.<\/p>\n","protected":false},"excerpt":{"rendered":"<p>Resumo da novela \u201cCara e Coragem\u201d em 03\/12: no cap\u00edtulo 162(*) da novela, \u00cdtalo n\u00e3o consegue impedir Clarice de ir ao encontro com as mulheres. Duarte conta para Rebeca como conheceu Danilo. Margareth fica tensa com a imposi\u00e7\u00e3o de Alexei. Andr\u00e9a revela que descobriu que C\u00e9lia n\u00e3o \u00e9 a m\u00e3e biol\u00f3gica de Rebeca. Alexei insinua [&hellip;]<\/p>\n","protected":false},"author":3,"featured_media":220185,"comment_status":"closed","ping_status":"closed","sticky":false,"template":"","format":"standard","meta":{"tdm_status":"","tdm_grid_status":"","footnotes":""},"categories":[2281,379,375,2025,343],"tags":[441],"class_list":{"0":"post-226827","1":"post","2":"type-post","3":"status-publish","4":"format-standard","5":"has-post-thumbnail","7":"category-cara-e-coragem","8":"category-novelas","9":"category-rede-globo","10":"category-resumo","11":"category-televisao","12":"tag-resumo-do-dia"},"_links":{"self":[{"href":"https:\/\/migracao.redenoticia.com.br\/noticia\/wp-json\/wp\/v2\/posts\/226827","targetHints":{"allow":["GET"]}}],"collection":[{"href":"https:\/\/migracao.redenoticia.com.br\/noticia\/wp-json\/wp\/v2\/posts"}],"about":[{"href":"https:\/\/migracao.redenoticia.com.br\/noticia\/wp-json\/wp\/v2\/types\/post"}],"author":[{"embeddable":true,"href":"https:\/\/migracao.redenoticia.com.br\/noticia\/wp-json\/wp\/v2\/users\/3"}],"replies":[{"embeddable":true,"href":"https:\/\/migracao.redenoticia.com.br\/noticia\/wp-json\/wp\/v2\/comments?post=226827"}],"version-history":[{"count":0,"href":"https:\/\/migracao.redenoticia.com.br\/noticia\/wp-json\/wp\/v2\/posts\/226827\/revisions"}],"wp:featuredmedia":[{"embeddable":true,"href":"https:\/\/migracao.redenoticia.com.br\/noticia\/wp-json\/wp\/v2\/media\/220185"}],"wp:attachment":[{"href":"https:\/\/migracao.redenoticia.com.br\/noticia\/wp-json\/wp\/v2\/media?parent=226827"}],"wp:term":[{"taxonomy":"category","embeddable":true,"href":"https:\/\/migracao.redenoticia.com.br\/noticia\/wp-json\/wp\/v2\/categories?post=226827"},{"taxonomy":"post_tag","embeddable":true,"href":"https:\/\/migracao.redenoticia.com.br\/noticia\/wp-json\/wp\/v2\/tags?post=226827"}],"curies":[{"name":"wp","href":"https:\/\/api.w.org\/{rel}","templated":true}]}}