{"id":2269,"date":"2009-06-02T21:48:07","date_gmt":"2009-06-03T01:48:07","guid":{"rendered":"http:\/\/www.redenoticia.com.br\/noticia\/?p=2269"},"modified":"2009-06-02T21:50:57","modified_gmt":"2009-06-03T01:50:57","slug":"receita-de-doce-de-abobora","status":"publish","type":"post","link":"https:\/\/migracao.redenoticia.com.br\/noticia\/2009\/receita-de-doce-de-abobora\/2269","title":{"rendered":"Receita de Doce de Abobora"},"content":{"rendered":"<p>\u00a0<\/p>\n<h4><span style=\"font-weight: normal;\">Ingredientes:<br \/>\n<\/span><\/p>\n<p><span style=\"font-weight: normal;\"><\/span><\/p>\n<p><span><span style=\"font-weight: normal;\">1 kg de ab\u00f3bora madura, descascada, cortada em cubinhos<\/span><\/span><\/p>\n<p><span><span style=\"font-weight: normal;\">2 cravos da \u00edndia<\/span><\/span><\/p>\n<p><span><span style=\"font-weight: normal;\">2 canelas em pau<\/span><\/span><\/p>\n<p><span><span style=\"font-weight: normal;\">3 x\u00edcaras (ch\u00e1)\u00a0 \u00e1gua (600ml)<\/span><\/span><\/p>\n<p><span><span style=\"font-weight: normal;\">1 x\u00edcara (ch\u00e1) a\u00e7\u00facar (200g)<\/span><\/span><\/p>\n<p><span><span style=\"font-weight: normal;\">1 colher (ch\u00e1) suco de lim\u00e3o (20g)<\/span><\/span><\/p>\n<p><span><span style=\"font-weight: normal;\">\u00a0<\/span><\/span><\/p>\n<p><span><span style=\"font-weight: normal;\">Modo de Preparo (compota):<\/span><\/span><\/p>\n<p><span><span style=\"font-weight: normal;\">Em uma panela, coloque a ab\u00f3bora, a \u00e1gua, o suco de lim\u00e3o, o a\u00e7\u00facar, os cravos e as canelas. Leve ao fogo at\u00e9 cozinhar a ab\u00f3bora, sem desmanch\u00e1-la (40min). Deixe esfriar e sirva gelado.<\/span><\/span><\/p>\n<h4><span><span style=\"font-weight: normal;\">Valor cal\u00f3rico 60 calorias &#8211; por\u00e7\u00e3o de 100g<\/span><\/span><\/h4>\n<p><span><span style=\"font-weight: normal;\">\u00a0<\/span><\/span><\/p>\n<p><span><span style=\"font-weight: normal;\">Modo de Preparo 2: (para corte)<\/span><\/span><\/p>\n<p><span><span style=\"font-weight: normal;\">Descasque a ab\u00f3bora, corte-a em peda\u00e7os e coloque em uma panela. Adicione a \u00e1gua, leve ao fogo e deixe cozinhar por 40 minutos at\u00e9 que esteja bem macia. Assim que estiver cozida, retire do fogo e bata no liquidificador. Em seguida, coloque a mistura em uma panela, adicione o a\u00e7\u00facar e leve ao fogo. Tampe parcialmente a panela, reduza o fogo e deixe cozinhar, mexendo sempre at\u00e9 que o doce esteja soltando do fundo da panela. (Op\u00e7\u00e3o) Antes de a\u00e7ucarar, junte o c\u00f4co ralado (200g), misture e retire do fogo. Despeje o doce em uma assadeira untada e deixe esfriar. Em seguida, corte em quadradinhos.<\/span><\/span><\/p>\n<p><strong><span>Valor cal\u00f3rico: 120 calorias &#8211; por\u00e7\u00e3o de 100g<\/span><\/strong><\/h4>\n","protected":false},"excerpt":{"rendered":"<p>\u00a0 Ingredientes: 1 kg de ab\u00f3bora madura, descascada, cortada em cubinhos 2 cravos da \u00edndia 2 canelas em pau 3 x\u00edcaras (ch\u00e1)\u00a0 \u00e1gua (600ml) 1 x\u00edcara (ch\u00e1) a\u00e7\u00facar (200g) 1 colher (ch\u00e1) suco de lim\u00e3o (20g) \u00a0 Modo de Preparo (compota): Em uma panela, coloque a ab\u00f3bora, a \u00e1gua, o suco de lim\u00e3o, o a\u00e7\u00facar, [&hellip;]<\/p>\n","protected":false},"author":2,"featured_media":0,"comment_status":"open","ping_status":"open","sticky":false,"template":"","format":"standard","meta":{"tdm_status":"","tdm_grid_status":"","footnotes":""},"categories":[22],"tags":[],"class_list":{"0":"post-2269","1":"post","2":"type-post","3":"status-publish","4":"format-standard","6":"category-brasil"},"_links":{"self":[{"href":"https:\/\/migracao.redenoticia.com.br\/noticia\/wp-json\/wp\/v2\/posts\/2269","targetHints":{"allow":["GET"]}}],"collection":[{"href":"https:\/\/migracao.redenoticia.com.br\/noticia\/wp-json\/wp\/v2\/posts"}],"about":[{"href":"https:\/\/migracao.redenoticia.com.br\/noticia\/wp-json\/wp\/v2\/types\/post"}],"author":[{"embeddable":true,"href":"https:\/\/migracao.redenoticia.com.br\/noticia\/wp-json\/wp\/v2\/users\/2"}],"replies":[{"embeddable":true,"href":"https:\/\/migracao.redenoticia.com.br\/noticia\/wp-json\/wp\/v2\/comments?post=2269"}],"version-history":[{"count":0,"href":"https:\/\/migracao.redenoticia.com.br\/noticia\/wp-json\/wp\/v2\/posts\/2269\/revisions"}],"wp:attachment":[{"href":"https:\/\/migracao.redenoticia.com.br\/noticia\/wp-json\/wp\/v2\/media?parent=2269"}],"wp:term":[{"taxonomy":"category","embeddable":true,"href":"https:\/\/migracao.redenoticia.com.br\/noticia\/wp-json\/wp\/v2\/categories?post=2269"},{"taxonomy":"post_tag","embeddable":true,"href":"https:\/\/migracao.redenoticia.com.br\/noticia\/wp-json\/wp\/v2\/tags?post=2269"}],"curies":[{"name":"wp","href":"https:\/\/api.w.org\/{rel}","templated":true}]}}