{"id":226924,"date":"2022-12-06T17:39:22","date_gmt":"2022-12-06T20:39:22","guid":{"rendered":"https:\/\/www.redenoticia.com.br\/noticia\/?p=226924"},"modified":"2022-12-06T17:39:22","modified_gmt":"2022-12-06T20:39:22","slug":"resumo-cara-e-coragem-07-12-clarice-teme-saber-a-verdade-sobre-leonardo","status":"publish","type":"post","link":"https:\/\/migracao.redenoticia.com.br\/noticia\/2022\/resumo-cara-e-coragem-07-12-clarice-teme-saber-a-verdade-sobre-leonardo\/226924","title":{"rendered":"Resumo \u201cCara e Coragem\u201d 07\/12: Clarice teme saber a verdade sobre Leonardo"},"content":{"rendered":"<p> <img loading=\"lazy\" decoding=\"async\" class=\"aligncenter size-full wp-image-220184\" src=\"https:\/\/migracao.redenoticia.com.br\/noticia\/imagens\/cara-e-coragem.jpg\" alt=\"\" width=\"1280\" height=\"720\" srcset=\"https:\/\/migracao.redenoticia.com.br\/noticia\/imagens\/cara-e-coragem.jpg 1280w, https:\/\/migracao.redenoticia.com.br\/noticia\/imagens\/cara-e-coragem-250x140.jpg 250w, https:\/\/migracao.redenoticia.com.br\/noticia\/imagens\/cara-e-coragem-400x225.jpg 400w, https:\/\/migracao.redenoticia.com.br\/noticia\/imagens\/cara-e-coragem-768x432.jpg 768w, https:\/\/migracao.redenoticia.com.br\/noticia\/imagens\/cara-e-coragem-150x84.jpg 150w\" sizes=\"auto, (max-width: 1280px) 100vw, 1280px\" \/><\/p>\n<p><strong><em>Resumo da novela \u201cCara e Coragem\u201d<\/em><\/strong> em 07\/12: no cap\u00edtulo 165(*) da novela, Clarice entrega o telefone de Leonardo para \u00cdtalo. Clarice confessa a \u00cdtalo e Luana que n\u00e3o est\u00e1 preparada para saber a verdade sobre Leonardo. Rebeca envia para seu e-mail os documentos e a foto do av\u00f4 de Danilo que conseguiu nos arquivos do computador. R\u00f4mulo manda flores para Pat, e Andr\u00e9a l\u00ea o cart\u00e3o. Armandinho sugere que Moa converse com um m\u00e9dico sobre o seu caso. <\/p>\n<p>Duarte se declara para Andr\u00e9a e a deixa desconcertada. Todos os bailarinos reclamam do comportamento de Renan para Ol\u00edvia. Andr\u00e9a arma um encontro entre R\u00f4mulo e Pat. O neurologista alerta Moa para uma poss\u00edvel mudan\u00e7a em sua personalidade. Pat avisa a Moa que R\u00f4mulo tamb\u00e9m ir\u00e1 \u00e0 festa de Andr\u00e9a Pratini. Bill, funcion\u00e1rio de \u00cdtalo na empresa de seguran\u00e7a, mostra a Clarice uma conversa que resgatou do celular de Leonardo. <\/p>\n<p>(*) edi\u00e7\u00e3o das novelas da Globo, \u201cCara e Coragem\u201d, sujeito a altera\u00e7\u00e3o de data e conte\u00fado.<\/p>\n<p>Sinopse \u201cCara e Coragem\u201d: Os dubl\u00eas profissionais Pat e Moa ter\u00e3o seus caminhos tra\u00e7ados com o da empres\u00e1ria Clarice Gusm\u00e3o, diretora da Sider\u00fargica Gusm\u00e3o e inventora de uma f\u00f3rmula secreta milion\u00e1ria, que ser\u00e1 invejada por Leonardo, irm\u00e3o de Clarice, sua amante Regina, e Danilo, tamb\u00e9m empres\u00e1rio.<\/p>\n<p>Enquanto os dubl\u00eas se descobrir\u00e3o apaixonados um pelo outro, mesmo que eles n\u00e3o admitam, Clarice ter\u00e1 um caso com \u00cdtalo, um instrutor de parkur, al\u00e9m de outros segredos obscuros dentro da trama. Uma reviravolta em sua vida acontece ao descobrir a exist\u00eancia de Anita, uma s\u00f3sia sua, mas com uma personalidade totalmente oposta.<\/p>\n","protected":false},"excerpt":{"rendered":"<p>Resumo da novela \u201cCara e Coragem\u201d em 07\/12: no cap\u00edtulo 165(*) da novela, Clarice entrega o telefone de Leonardo para \u00cdtalo. Clarice confessa a \u00cdtalo e Luana que n\u00e3o est\u00e1 preparada para saber a verdade sobre Leonardo. Rebeca envia para seu e-mail os documentos e a foto do av\u00f4 de Danilo que conseguiu nos arquivos [&hellip;]<\/p>\n","protected":false},"author":4,"featured_media":220185,"comment_status":"closed","ping_status":"closed","sticky":false,"template":"","format":"standard","meta":{"tdm_status":"","tdm_grid_status":"","footnotes":""},"categories":[2281,379,375,2025,343],"tags":[441],"class_list":{"0":"post-226924","1":"post","2":"type-post","3":"status-publish","4":"format-standard","5":"has-post-thumbnail","7":"category-cara-e-coragem","8":"category-novelas","9":"category-rede-globo","10":"category-resumo","11":"category-televisao","12":"tag-resumo-do-dia"},"_links":{"self":[{"href":"https:\/\/migracao.redenoticia.com.br\/noticia\/wp-json\/wp\/v2\/posts\/226924","targetHints":{"allow":["GET"]}}],"collection":[{"href":"https:\/\/migracao.redenoticia.com.br\/noticia\/wp-json\/wp\/v2\/posts"}],"about":[{"href":"https:\/\/migracao.redenoticia.com.br\/noticia\/wp-json\/wp\/v2\/types\/post"}],"author":[{"embeddable":true,"href":"https:\/\/migracao.redenoticia.com.br\/noticia\/wp-json\/wp\/v2\/users\/4"}],"replies":[{"embeddable":true,"href":"https:\/\/migracao.redenoticia.com.br\/noticia\/wp-json\/wp\/v2\/comments?post=226924"}],"version-history":[{"count":0,"href":"https:\/\/migracao.redenoticia.com.br\/noticia\/wp-json\/wp\/v2\/posts\/226924\/revisions"}],"wp:featuredmedia":[{"embeddable":true,"href":"https:\/\/migracao.redenoticia.com.br\/noticia\/wp-json\/wp\/v2\/media\/220185"}],"wp:attachment":[{"href":"https:\/\/migracao.redenoticia.com.br\/noticia\/wp-json\/wp\/v2\/media?parent=226924"}],"wp:term":[{"taxonomy":"category","embeddable":true,"href":"https:\/\/migracao.redenoticia.com.br\/noticia\/wp-json\/wp\/v2\/categories?post=226924"},{"taxonomy":"post_tag","embeddable":true,"href":"https:\/\/migracao.redenoticia.com.br\/noticia\/wp-json\/wp\/v2\/tags?post=226924"}],"curies":[{"name":"wp","href":"https:\/\/api.w.org\/{rel}","templated":true}]}}