{"id":226969,"date":"2022-12-07T15:36:38","date_gmt":"2022-12-07T18:36:38","guid":{"rendered":"https:\/\/www.redenoticia.com.br\/noticia\/?p=226969"},"modified":"2022-12-07T15:36:38","modified_gmt":"2022-12-07T18:36:38","slug":"resumo-cara-e-coragem-08-12-renan-e-demitido-da-companhia-de-danca","status":"publish","type":"post","link":"https:\/\/migracao.redenoticia.com.br\/noticia\/2022\/resumo-cara-e-coragem-08-12-renan-e-demitido-da-companhia-de-danca\/226969","title":{"rendered":"Resumo \u201cCara e Coragem\u201d 08\/12: Renan \u00e9 demitido da companhia de dan\u00e7a"},"content":{"rendered":"<p> <img loading=\"lazy\" decoding=\"async\" class=\"aligncenter size-full wp-image-220184\" src=\"https:\/\/migracao.redenoticia.com.br\/noticia\/imagens\/cara-e-coragem.jpg\" alt=\"\" width=\"1280\" height=\"720\" srcset=\"https:\/\/migracao.redenoticia.com.br\/noticia\/imagens\/cara-e-coragem.jpg 1280w, https:\/\/migracao.redenoticia.com.br\/noticia\/imagens\/cara-e-coragem-250x140.jpg 250w, https:\/\/migracao.redenoticia.com.br\/noticia\/imagens\/cara-e-coragem-400x225.jpg 400w, https:\/\/migracao.redenoticia.com.br\/noticia\/imagens\/cara-e-coragem-768x432.jpg 768w, https:\/\/migracao.redenoticia.com.br\/noticia\/imagens\/cara-e-coragem-150x84.jpg 150w\" sizes=\"auto, (max-width: 1280px) 100vw, 1280px\" \/><\/p>\n<p><strong><em>Resumo da novela \u201cCara e Coragem\u201d<\/em><\/strong> em 08\/12: no cap\u00edtulo 144(*) da novela, Clarice fica abalada com o conte\u00fado da conversa de Leonardo, e \u00cdtalo a ampara. Pat comenta com Moa sobre o encontro que teve com Andr\u00e9a. J\u00e9ssica termina o namoro com Renan. Bill afirma a Clarice e \u00cdtalo que n\u00e3o existe nada que incrimine Regina no celular de Leonardo. Renan \u00e9 demitido da companhia de dan\u00e7a e amea\u00e7a Ol\u00edvia. Duarte briga com Renan para defender J\u00e9ssica, mas fica muito machucado. <\/p>\n<p>Andr\u00e9a garante a Hugo que n\u00e3o quer mais saber de Duarte, e sim de Moa. Clarice conta para Martha o que descobriu sobre o irm\u00e3o. Regina esconde de Leonardo o que conversou com Alexei sobre Clarice. Pat e Rico acreditam que a mudan\u00e7a no comportamento de Moa tenha a ver com sua amn\u00e9sia. Rebeca mostra para \u00cdtalo todo o material que conseguiu de Danilo. Danilo pede a Luana para ver a escritura das primeiras minas da SG. Clarice e Martha confrontam Leonardo. <\/p>\n<p>(*) edi\u00e7\u00e3o das novelas da Globo, \u201cCara e Coragem\u201d, sujeito a altera\u00e7\u00e3o de data e conte\u00fado.<\/p>\n<p>Sinopse \u201cCara e Coragem\u201d: Os dubl\u00eas profissionais Pat e Moa ter\u00e3o seus caminhos tra\u00e7ados com o da empres\u00e1ria Clarice Gusm\u00e3o, diretora da Sider\u00fargica Gusm\u00e3o e inventora de uma f\u00f3rmula secreta milion\u00e1ria, que ser\u00e1 invejada por Leonardo, irm\u00e3o de Clarice, sua amante Regina, e Danilo, tamb\u00e9m empres\u00e1rio.<\/p>\n<p>Enquanto os dubl\u00eas se descobrir\u00e3o apaixonados um pelo outro, mesmo que eles n\u00e3o admitam, Clarice ter\u00e1 um caso com \u00cdtalo, um instrutor de parkur, al\u00e9m de outros segredos obscuros dentro da trama. Uma reviravolta em sua vida acontece ao descobrir a exist\u00eancia de Anita, uma s\u00f3sia sua, mas com uma personalidade totalmente oposta.<\/p>\n","protected":false},"excerpt":{"rendered":"<p>Resumo da novela \u201cCara e Coragem\u201d em 08\/12: no cap\u00edtulo 144(*) da novela, Clarice fica abalada com o conte\u00fado da conversa de Leonardo, e \u00cdtalo a ampara. Pat comenta com Moa sobre o encontro que teve com Andr\u00e9a. J\u00e9ssica termina o namoro com Renan. Bill afirma a Clarice e \u00cdtalo que n\u00e3o existe nada que [&hellip;]<\/p>\n","protected":false},"author":3,"featured_media":220185,"comment_status":"closed","ping_status":"closed","sticky":false,"template":"","format":"standard","meta":{"tdm_status":"","tdm_grid_status":"","footnotes":""},"categories":[2281,379,375,2025,343],"tags":[441],"class_list":{"0":"post-226969","1":"post","2":"type-post","3":"status-publish","4":"format-standard","5":"has-post-thumbnail","7":"category-cara-e-coragem","8":"category-novelas","9":"category-rede-globo","10":"category-resumo","11":"category-televisao","12":"tag-resumo-do-dia"},"_links":{"self":[{"href":"https:\/\/migracao.redenoticia.com.br\/noticia\/wp-json\/wp\/v2\/posts\/226969","targetHints":{"allow":["GET"]}}],"collection":[{"href":"https:\/\/migracao.redenoticia.com.br\/noticia\/wp-json\/wp\/v2\/posts"}],"about":[{"href":"https:\/\/migracao.redenoticia.com.br\/noticia\/wp-json\/wp\/v2\/types\/post"}],"author":[{"embeddable":true,"href":"https:\/\/migracao.redenoticia.com.br\/noticia\/wp-json\/wp\/v2\/users\/3"}],"replies":[{"embeddable":true,"href":"https:\/\/migracao.redenoticia.com.br\/noticia\/wp-json\/wp\/v2\/comments?post=226969"}],"version-history":[{"count":0,"href":"https:\/\/migracao.redenoticia.com.br\/noticia\/wp-json\/wp\/v2\/posts\/226969\/revisions"}],"wp:featuredmedia":[{"embeddable":true,"href":"https:\/\/migracao.redenoticia.com.br\/noticia\/wp-json\/wp\/v2\/media\/220185"}],"wp:attachment":[{"href":"https:\/\/migracao.redenoticia.com.br\/noticia\/wp-json\/wp\/v2\/media?parent=226969"}],"wp:term":[{"taxonomy":"category","embeddable":true,"href":"https:\/\/migracao.redenoticia.com.br\/noticia\/wp-json\/wp\/v2\/categories?post=226969"},{"taxonomy":"post_tag","embeddable":true,"href":"https:\/\/migracao.redenoticia.com.br\/noticia\/wp-json\/wp\/v2\/tags?post=226969"}],"curies":[{"name":"wp","href":"https:\/\/api.w.org\/{rel}","templated":true}]}}