{"id":226976,"date":"2022-12-07T20:03:05","date_gmt":"2022-12-07T23:03:05","guid":{"rendered":"https:\/\/www.redenoticia.com.br\/noticia\/2022\/mega-sena-resultado-do-concurso-2546-sorteado-quarta-feira-07-12-2022\/226976"},"modified":"2022-12-07T20:03:05","modified_gmt":"2022-12-07T23:03:05","slug":"mega-sena-resultado-do-concurso-2546-sorteado-quarta-feira-07-12-2022","status":"publish","type":"post","link":"https:\/\/migracao.redenoticia.com.br\/noticia\/2022\/mega-sena-resultado-do-concurso-2546-sorteado-quarta-feira-07-12-2022\/226976","title":{"rendered":"Mega Sena: Resultado do concurso 2546 sorteado  Quarta-feira 07\/12\/2022"},"content":{"rendered":"<p>Resultado da Mega Sena, concurso 2546, realizado na  Quarta-feira, dia 07\/12\/2022, no Espa\u00e7o da Sorte, na cidade de S\u00e3o Paulo: <\/p>\n<h2>N\u00fameros Sorteados Mega Sena 2546<\/h2>\n<div style =\"font-size: 1.3em;margin-bottom:20px;\"><b>03, 23, 28, 34, 38, 48<\/b> <\/div>\n<h2>Pr\u00f3ximo Sorteio da Mega Sena <\/h2>\n<p>O pr\u00f3ximo sorteio ser\u00e1 realizado S\u00e1bado 10\/12\/2022, . <\/p>\n","protected":false},"excerpt":{"rendered":"<p>Mega Sena 2546 &#8211; Resultado, rateio e ganhadores da Mega Sena 2546 sorteado em 07\/12\/2022.<\/p>\n","protected":false},"author":5,"featured_media":194758,"comment_status":"","ping_status":"","sticky":false,"template":"","format":"standard","meta":{"tdm_status":"","tdm_grid_status":"","footnotes":""},"categories":[335,355],"tags":[],"class_list":{"0":"post-226976","1":"post","2":"type-post","3":"status-publish","4":"format-standard","5":"has-post-thumbnail","7":"category-loteria","8":"category-mega-sena"},"_links":{"self":[{"href":"https:\/\/migracao.redenoticia.com.br\/noticia\/wp-json\/wp\/v2\/posts\/226976","targetHints":{"allow":["GET"]}}],"collection":[{"href":"https:\/\/migracao.redenoticia.com.br\/noticia\/wp-json\/wp\/v2\/posts"}],"about":[{"href":"https:\/\/migracao.redenoticia.com.br\/noticia\/wp-json\/wp\/v2\/types\/post"}],"author":[{"embeddable":true,"href":"https:\/\/migracao.redenoticia.com.br\/noticia\/wp-json\/wp\/v2\/users\/5"}],"replies":[{"embeddable":true,"href":"https:\/\/migracao.redenoticia.com.br\/noticia\/wp-json\/wp\/v2\/comments?post=226976"}],"version-history":[{"count":0,"href":"https:\/\/migracao.redenoticia.com.br\/noticia\/wp-json\/wp\/v2\/posts\/226976\/revisions"}],"wp:featuredmedia":[{"embeddable":true,"href":"https:\/\/migracao.redenoticia.com.br\/noticia\/wp-json\/wp\/v2\/media\/194758"}],"wp:attachment":[{"href":"https:\/\/migracao.redenoticia.com.br\/noticia\/wp-json\/wp\/v2\/media?parent=226976"}],"wp:term":[{"taxonomy":"category","embeddable":true,"href":"https:\/\/migracao.redenoticia.com.br\/noticia\/wp-json\/wp\/v2\/categories?post=226976"},{"taxonomy":"post_tag","embeddable":true,"href":"https:\/\/migracao.redenoticia.com.br\/noticia\/wp-json\/wp\/v2\/tags?post=226976"}],"curies":[{"name":"wp","href":"https:\/\/api.w.org\/{rel}","templated":true}]}}