{"id":227047,"date":"2022-12-09T16:47:08","date_gmt":"2022-12-09T19:47:08","guid":{"rendered":"https:\/\/www.redenoticia.com.br\/noticia\/?p=227047"},"modified":"2022-12-09T16:47:08","modified_gmt":"2022-12-09T19:47:08","slug":"resumo-cara-e-coragem-10-12-martha-implora-que-italo-a-ajude-a-encontrar-leonardo","status":"publish","type":"post","link":"https:\/\/migracao.redenoticia.com.br\/noticia\/2022\/resumo-cara-e-coragem-10-12-martha-implora-que-italo-a-ajude-a-encontrar-leonardo\/227047","title":{"rendered":"Resumo \u201cCara e Coragem\u201d 10\/12: Martha implora que \u00cdtalo a ajude a encontrar Leonardo"},"content":{"rendered":"<p> <img loading=\"lazy\" decoding=\"async\" class=\"aligncenter size-full wp-image-220184\" src=\"https:\/\/migracao.redenoticia.com.br\/noticia\/imagens\/cara-e-coragem.jpg\" alt=\"\" width=\"1280\" height=\"720\" srcset=\"https:\/\/migracao.redenoticia.com.br\/noticia\/imagens\/cara-e-coragem.jpg 1280w, https:\/\/migracao.redenoticia.com.br\/noticia\/imagens\/cara-e-coragem-250x140.jpg 250w, https:\/\/migracao.redenoticia.com.br\/noticia\/imagens\/cara-e-coragem-400x225.jpg 400w, https:\/\/migracao.redenoticia.com.br\/noticia\/imagens\/cara-e-coragem-768x432.jpg 768w, https:\/\/migracao.redenoticia.com.br\/noticia\/imagens\/cara-e-coragem-150x84.jpg 150w\" sizes=\"auto, (max-width: 1280px) 100vw, 1280px\" \/><\/p>\n<p><strong><em>Resumo da novela \u201cCara e Coragem\u201d<\/em><\/strong> em 10\/12: no cap\u00edtulo 168(*) da novela, Anita afirma a Clarice que n\u00e3o mexeu no conte\u00fado da caixa. Renan pede que Lou o ajude a voltar para a Companhia de Dan\u00e7a. Moa fica abalado quando Pat fala sobre R\u00f4mulo. Kak\u00e1 expulsa Renan da Coragem.com. Luana avisa a Clarice sobre o sumi\u00e7o de Leonardo. Regina cobra de Alexei o pedido que fez a ele sobre Clarice. Leonardo entrega uma roupa sua para uma pessoa em situa\u00e7\u00e3o de rua. <\/p>\n<p>Moa trata Pat com frieza, e todos estranham o comportamento do dubl\u00ea. Martha implora que \u00cdtalo a ajude a encontrar Leonardo. Danilo reclama com Clarice sobre a falta de informa\u00e7\u00f5es dispon\u00edveis da SG. \u00cdtalo sup\u00f5e que Leonardo tenha fugido, e Martha se preocupa. Andr\u00e9a e as mulheres do grupo de apoio abordam C\u00e9lia na rua e a questionam sobre o golpe em Rebeca. Clarice discute com Regina. Milton leva Andr\u00e9a at\u00e9 sua casa para ficar com Moa, Chiquinho, Soss\u00f4 e Gui. Pat e R\u00f4mulo se beijam. Alfredo fala para Ol\u00edvia que fez vasectomia, e ela o questiona sobre o nascimento de Soss\u00f4. <\/p>\n<p>(*) edi\u00e7\u00e3o das novelas da Globo, \u201cCara e Coragem\u201d, sujeito a altera\u00e7\u00e3o de data e conte\u00fado.<\/p>\n<p>Sinopse \u201cCara e Coragem\u201d: Os dubl\u00eas profissionais Pat e Moa ter\u00e3o seus caminhos tra\u00e7ados com o da empres\u00e1ria Clarice Gusm\u00e3o, diretora da Sider\u00fargica Gusm\u00e3o e inventora de uma f\u00f3rmula secreta milion\u00e1ria, que ser\u00e1 invejada por Leonardo, irm\u00e3o de Clarice, sua amante Regina, e Danilo, tamb\u00e9m empres\u00e1rio.<\/p>\n<p>Enquanto os dubl\u00eas se descobrir\u00e3o apaixonados um pelo outro, mesmo que eles n\u00e3o admitam, Clarice ter\u00e1 um caso com \u00cdtalo, um instrutor de parkur, al\u00e9m de outros segredos obscuros dentro da trama. Uma reviravolta em sua vida acontece ao descobrir a exist\u00eancia de Anita, uma s\u00f3sia sua, mas com uma personalidade totalmente oposta.<\/p>\n","protected":false},"excerpt":{"rendered":"<p>Resumo da novela \u201cCara e Coragem\u201d em 10\/12: no cap\u00edtulo 168(*) da novela, Anita afirma a Clarice que n\u00e3o mexeu no conte\u00fado da caixa. Renan pede que Lou o ajude a voltar para a Companhia de Dan\u00e7a. Moa fica abalado quando Pat fala sobre R\u00f4mulo. Kak\u00e1 expulsa Renan da Coragem.com. Luana avisa a Clarice sobre [&hellip;]<\/p>\n","protected":false},"author":4,"featured_media":220185,"comment_status":"closed","ping_status":"closed","sticky":false,"template":"","format":"standard","meta":{"tdm_status":"","tdm_grid_status":"","footnotes":""},"categories":[2281,379,375,2025,343],"tags":[441],"class_list":{"0":"post-227047","1":"post","2":"type-post","3":"status-publish","4":"format-standard","5":"has-post-thumbnail","7":"category-cara-e-coragem","8":"category-novelas","9":"category-rede-globo","10":"category-resumo","11":"category-televisao","12":"tag-resumo-do-dia"},"_links":{"self":[{"href":"https:\/\/migracao.redenoticia.com.br\/noticia\/wp-json\/wp\/v2\/posts\/227047","targetHints":{"allow":["GET"]}}],"collection":[{"href":"https:\/\/migracao.redenoticia.com.br\/noticia\/wp-json\/wp\/v2\/posts"}],"about":[{"href":"https:\/\/migracao.redenoticia.com.br\/noticia\/wp-json\/wp\/v2\/types\/post"}],"author":[{"embeddable":true,"href":"https:\/\/migracao.redenoticia.com.br\/noticia\/wp-json\/wp\/v2\/users\/4"}],"replies":[{"embeddable":true,"href":"https:\/\/migracao.redenoticia.com.br\/noticia\/wp-json\/wp\/v2\/comments?post=227047"}],"version-history":[{"count":0,"href":"https:\/\/migracao.redenoticia.com.br\/noticia\/wp-json\/wp\/v2\/posts\/227047\/revisions"}],"wp:featuredmedia":[{"embeddable":true,"href":"https:\/\/migracao.redenoticia.com.br\/noticia\/wp-json\/wp\/v2\/media\/220185"}],"wp:attachment":[{"href":"https:\/\/migracao.redenoticia.com.br\/noticia\/wp-json\/wp\/v2\/media?parent=227047"}],"wp:term":[{"taxonomy":"category","embeddable":true,"href":"https:\/\/migracao.redenoticia.com.br\/noticia\/wp-json\/wp\/v2\/categories?post=227047"},{"taxonomy":"post_tag","embeddable":true,"href":"https:\/\/migracao.redenoticia.com.br\/noticia\/wp-json\/wp\/v2\/tags?post=227047"}],"curies":[{"name":"wp","href":"https:\/\/api.w.org\/{rel}","templated":true}]}}