{"id":227090,"date":"2022-12-10T16:42:48","date_gmt":"2022-12-10T19:42:48","guid":{"rendered":"https:\/\/www.redenoticia.com.br\/noticia\/?p=227090"},"modified":"2022-12-10T16:42:48","modified_gmt":"2022-12-10T19:42:48","slug":"resumo-cara-e-coragem-12-12-hugo-enfrenta-soraia-reis-e-se-consola-com-andrea","status":"publish","type":"post","link":"https:\/\/migracao.redenoticia.com.br\/noticia\/2022\/resumo-cara-e-coragem-12-12-hugo-enfrenta-soraia-reis-e-se-consola-com-andrea\/227090","title":{"rendered":"Resumo \u201cCara e Coragem\u201d 12\/12: Hugo enfrenta Soraia Reis e se consola com Andr\u00e9a"},"content":{"rendered":"<p> <img loading=\"lazy\" decoding=\"async\" class=\"aligncenter size-full wp-image-220184\" src=\"https:\/\/migracao.redenoticia.com.br\/noticia\/imagens\/cara-e-coragem.jpg\" alt=\"\" width=\"1280\" height=\"720\" srcset=\"https:\/\/migracao.redenoticia.com.br\/noticia\/imagens\/cara-e-coragem.jpg 1280w, https:\/\/migracao.redenoticia.com.br\/noticia\/imagens\/cara-e-coragem-250x140.jpg 250w, https:\/\/migracao.redenoticia.com.br\/noticia\/imagens\/cara-e-coragem-400x225.jpg 400w, https:\/\/migracao.redenoticia.com.br\/noticia\/imagens\/cara-e-coragem-768x432.jpg 768w, https:\/\/migracao.redenoticia.com.br\/noticia\/imagens\/cara-e-coragem-150x84.jpg 150w\" sizes=\"auto, (max-width: 1280px) 100vw, 1280px\" \/><\/p>\n<p><strong><em>Resumo da novela \u201cCara e Coragem\u201d<\/em><\/strong> em 12\/12: no cap\u00edtulo 169(*) da novela, Alfredo disfar\u00e7a e tenta afastar as desconfian\u00e7as de Ol\u00edvia sobre seus filhos. Clarice suspeita de que Leonardo tenha fugido e comenta com Martha. Pat recebe um telefonema dos filhos, e R\u00f4mulo fica incomodado. Andr\u00e9a avisa a Rebeca que ter\u00e1 uma reuni\u00e3o do grupo de mulheres com informa\u00e7\u00f5es importantes sobre C\u00e9lia. Regina sugere que Danilo aceite a oferta de Alexei para trabalhar fora do pa\u00eds. Pat conta para Lou sobre o beijo que R\u00f4mulo lhe deu. Moa pensa em investigar R\u00f4mulo. <\/p>\n<p>Enzo confessa a M\u00e1rcia que ainda pensa em Hugo. Hugo enfrenta Soraia Reis e se consola com Andr\u00e9a. Rico pede Lou em casamento. Lucas se surpreende quando Renan o questiona sobre Lou e se preocupa quando ele diz que ir\u00e1 recuperar tudo o que perdeu. Danilo exige que C\u00e9lia conven\u00e7a Rebeca a parar de trabalhar com Fernanda na barraquinha. J\u00e9ssica v\u00ea Leonardo vagando pela rua e fica intrigada. Andr\u00e9a conta a Rebeca que C\u00e9lia n\u00e3o \u00e9 sua m\u00e3e biol\u00f3gica. Moa tira satisfa\u00e7\u00e3o com R\u00f4mulo sobre as investidas em Pat. \u00cdtalo revela a Clarice que Danilo \u00e9 neto do ex-s\u00f3cio de seu av\u00f4.<\/p>\n<p>(*) edi\u00e7\u00e3o das novelas da Globo, \u201cCara e Coragem\u201d, sujeito a altera\u00e7\u00e3o de data e conte\u00fado.<\/p>\n<p>Sinopse \u201cCara e Coragem\u201d: Os dubl\u00eas profissionais Pat e Moa ter\u00e3o seus caminhos tra\u00e7ados com o da empres\u00e1ria Clarice Gusm\u00e3o, diretora da Sider\u00fargica Gusm\u00e3o e inventora de uma f\u00f3rmula secreta milion\u00e1ria, que ser\u00e1 invejada por Leonardo, irm\u00e3o de Clarice, sua amante Regina, e Danilo, tamb\u00e9m empres\u00e1rio.<\/p>\n<p>Enquanto os dubl\u00eas se descobrir\u00e3o apaixonados um pelo outro, mesmo que eles n\u00e3o admitam, Clarice ter\u00e1 um caso com \u00cdtalo, um instrutor de parkur, al\u00e9m de outros segredos obscuros dentro da trama. Uma reviravolta em sua vida acontece ao descobrir a exist\u00eancia de Anita, uma s\u00f3sia sua, mas com uma personalidade totalmente oposta.<\/p>\n","protected":false},"excerpt":{"rendered":"<p>Resumo da novela \u201cCara e Coragem\u201d em 12\/12: no cap\u00edtulo 169(*) da novela, Alfredo disfar\u00e7a e tenta afastar as desconfian\u00e7as de Ol\u00edvia sobre seus filhos. Clarice suspeita de que Leonardo tenha fugido e comenta com Martha. Pat recebe um telefonema dos filhos, e R\u00f4mulo fica incomodado. Andr\u00e9a avisa a Rebeca que ter\u00e1 uma reuni\u00e3o do [&hellip;]<\/p>\n","protected":false},"author":4,"featured_media":220185,"comment_status":"closed","ping_status":"closed","sticky":false,"template":"","format":"standard","meta":{"tdm_status":"","tdm_grid_status":"","footnotes":""},"categories":[2281,379,375,2025,343],"tags":[441],"class_list":{"0":"post-227090","1":"post","2":"type-post","3":"status-publish","4":"format-standard","5":"has-post-thumbnail","7":"category-cara-e-coragem","8":"category-novelas","9":"category-rede-globo","10":"category-resumo","11":"category-televisao","12":"tag-resumo-do-dia"},"_links":{"self":[{"href":"https:\/\/migracao.redenoticia.com.br\/noticia\/wp-json\/wp\/v2\/posts\/227090","targetHints":{"allow":["GET"]}}],"collection":[{"href":"https:\/\/migracao.redenoticia.com.br\/noticia\/wp-json\/wp\/v2\/posts"}],"about":[{"href":"https:\/\/migracao.redenoticia.com.br\/noticia\/wp-json\/wp\/v2\/types\/post"}],"author":[{"embeddable":true,"href":"https:\/\/migracao.redenoticia.com.br\/noticia\/wp-json\/wp\/v2\/users\/4"}],"replies":[{"embeddable":true,"href":"https:\/\/migracao.redenoticia.com.br\/noticia\/wp-json\/wp\/v2\/comments?post=227090"}],"version-history":[{"count":0,"href":"https:\/\/migracao.redenoticia.com.br\/noticia\/wp-json\/wp\/v2\/posts\/227090\/revisions"}],"wp:featuredmedia":[{"embeddable":true,"href":"https:\/\/migracao.redenoticia.com.br\/noticia\/wp-json\/wp\/v2\/media\/220185"}],"wp:attachment":[{"href":"https:\/\/migracao.redenoticia.com.br\/noticia\/wp-json\/wp\/v2\/media?parent=227090"}],"wp:term":[{"taxonomy":"category","embeddable":true,"href":"https:\/\/migracao.redenoticia.com.br\/noticia\/wp-json\/wp\/v2\/categories?post=227090"},{"taxonomy":"post_tag","embeddable":true,"href":"https:\/\/migracao.redenoticia.com.br\/noticia\/wp-json\/wp\/v2\/tags?post=227090"}],"curies":[{"name":"wp","href":"https:\/\/api.w.org\/{rel}","templated":true}]}}