{"id":22712,"date":"2010-01-30T12:00:58","date_gmt":"2010-01-30T16:00:58","guid":{"rendered":"http:\/\/www.redenoticia.com.br\/noticia\/?p=22712"},"modified":"2010-01-30T12:01:35","modified_gmt":"2010-01-30T16:01:35","slug":"concurso-educacao-sp-carlos-chagas-inscricao-de-professor-ate-1102","status":"publish","type":"post","link":"https:\/\/migracao.redenoticia.com.br\/noticia\/2010\/concurso-educacao-sp-carlos-chagas-inscricao-de-professor-ate-1102\/22712","title":{"rendered":"Concurso Educa\u00e7\u00e3o SP Carlos Chagas &#8211; inscri\u00e7\u00e3o de professor at\u00e9 11\/02"},"content":{"rendered":"<p><strong><em>Concurso Educa\u00e7\u00e3o SP<\/em><\/strong> pela <strong><em>Funda\u00e7\u00e3o Carlos Chagas<\/em><\/strong> &#8211; A\u00a0Secretaria da Educa\u00e7\u00e3o divulgou na quinta-feira, 28, por meio de resolu\u00e7\u00e3o publicada no Di\u00e1rio Oficial do Estado de S\u00e3o Paulo, as compet\u00eancias, habilidades e bibliografia desej\u00e1veis aos interessados em participar do concurso que oferece 10 mil vagas para <strong><em>professores<\/em><\/strong> do Ensino Fundamental e M\u00e9dio (PEB II) e Educa\u00e7\u00e3o Especial da rede p\u00fablica estadual. As <strong><em>inscri\u00e7\u00f5es<\/em><\/strong> para o concurso v\u00e3o at\u00e9 o dia 11 de fevereiro e dever\u00e3o ser feitas no site da Funda\u00e7\u00e3o Carlos Chagas (<a href=\"http:\/\/www.concursosfcc.com.br\/\" target=\"_blank\">www.concursosfcc.com.br<\/a>). A prova dever\u00e1 ser realizada no dia 28 de mar\u00e7o. Os sal\u00e1rios v\u00e3o de R$ 549,00 (para carga hor\u00e1ria de 12 horas semanais) at\u00e9 R$ 1.834,85 (para 40 horas semanais).<\/p>\n<p>A\u00a0publica\u00e7\u00e3o determina perfil, documentos exigidos e bibliografia geral e espec\u00edficos para cada uma das disciplinas: l\u00edngua portuguesa, arte, educa\u00e7\u00e3o f\u00edsica, ingl\u00eas, matem\u00e1tica, ci\u00eancias, f\u00edsica, qu\u00edmica, biologia, hist\u00f3ria, geografia, filosofia e sociologia. Os docentes da educa\u00e7\u00e3o b\u00e1sica II dever\u00e3o ter conhecimentos como cultura geral e profissional; dimens\u00f5es culturais, sociais, pol\u00edticas e econ\u00f4micas da educa\u00e7\u00e3o; conhecimento pedag\u00f3gico; conhecimento sobre crian\u00e7as, jovens e adultos, entre outros, al\u00e9m daqueles especificamente referidos \u00e0 sua habilita\u00e7\u00e3o. Para Educa\u00e7\u00e3o Especial, espera-se que o professor conhe\u00e7a as particularidades de cada tipo de defici\u00eancia, para que possa dar atendimento personalizado aos alunos.<\/p>\n<p>O conte\u00fado, padronizado pela secretaria, \u00e9 o mesmo que ser\u00e1 utilizado nos tr\u00eas tipos de exames: processo seletivo de professores tempor\u00e1rios, Sistema de Promo\u00e7\u00e3o (Programa Valoriza\u00e7\u00e3o Pelo M\u00e9rito) e concursos p\u00fablicos para provimento de cargos. A bibliografia padronizada poder\u00e1 sofrer altera\u00e7\u00e3o caso algum dos exemplares listados esteja esgotado. Nesse caso, a pasta poder\u00e1 adotar novos t\u00edtulos que contenham o mesmo conte\u00fado.\u00a0 &#8220;\u00c9 uma forma de tornar nosso quadro mais homog\u00eaneo e bem preparado&#8221;, diz o secret\u00e1rio Paulo Renato Souza.<\/p>\n<p>Como se inscrever<\/p>\n<p>Os candidatos dever\u00e3o preencher o formul\u00e1rio dispon\u00edvel no site e efetuar o pagamento da inscri\u00e7\u00e3o, no valor de R$ 27,25, por meio de boleto banc\u00e1rio, d\u00e9bito em conta corrente de bancos conveniados at\u00e9 a data de encerramento das inscri\u00e7\u00f5es, dinheiro ou cheque. Estudantes que tenham remunera\u00e7\u00e3o mensal inferior a dois sal\u00e1rios m\u00ednimos ou que estejam desempregados poder\u00e3o pedir 50% de isen\u00e7\u00e3o na taxa. As solicita\u00e7\u00f5es devem ser feitas do dia 27 a 29 de janeiro, no mesmo site das inscri\u00e7\u00f5es.<\/p>\n<p>As vagas dispon\u00edveis s\u00e3o para docentes nas disciplinas de arte, biologia, ci\u00eancias f\u00edsicas e biol\u00f3gicas, educa\u00e7\u00e3o f\u00edsica, filosofia, f\u00edsica, geografia, hist\u00f3ria, ingl\u00eas, l\u00edngua portuguesa, matem\u00e1tica, qu\u00edmica, sociologia e educa\u00e7\u00e3o especial &#8211; defici\u00eancias auditiva, f\u00edsica, mental e visual. O candidato ainda dever\u00e1 comprovar conclus\u00e3o de curso superior &#8211; licenciatura de gradua\u00e7\u00e3o plena, com habilita\u00e7\u00e3o espec\u00edfica na \u00e1rea pretendida, ou forma\u00e7\u00e3o superior na \u00e1rea correspondente e complementa\u00e7\u00e3o nos termos da legisla\u00e7\u00e3o.<\/p>\n<p>A partir do dia 22 de fevereiro, o candidato poder\u00e1 conferir no site da Funda\u00e7\u00e3o Carlos Chagas se a inscri\u00e7\u00e3o foi efetivada. Caso contr\u00e1rio, dever\u00e1 entrar em contato com o Servi\u00e7o de Atendimento ao Candidato &#8211; SAC da Funda\u00e7\u00e3o Carlos Chagas, telefone (0XX11) 3723-4388.<\/p>\n<p>&#8220;A abertura desse concurso faz parte das a\u00e7\u00f5es previstas no Programa + Qualidade. Vamos colocar mais 10 mil docentes efetivos na rede e capacit\u00e1-los na Escola de Forma\u00e7\u00e3o de Professores. Com isso, teremos professores mais bem preparados nas salas de aula e, consequentemente, melhor qualidade de ensino para nossos alunos&#8221;, afirma o secret\u00e1rio da Educa\u00e7\u00e3o.<\/p>\n<p>Programa Mais Qualidade<\/p>\n<p>Lan\u00e7ado em maio pelo Governo do Estado, o Programa + Qualidade na Escola criou em sua primeira fase a Escola de Forma\u00e7\u00e3o de Professores de S\u00e3o Paulo. Outras medidas tomadas nesta etapa foram a mudan\u00e7a na forma de ingresso dos profissionais do magist\u00e9rio (instituindo o curso de forma\u00e7\u00e3o como \u00faltima etapa do processo seletivo), a cria\u00e7\u00e3o de duas novas jornadas de trabalho (de 12 e 40 horas semanais), a abertura de 80 mil novos cargos efetivos do magist\u00e9rio e regulamenta\u00e7\u00e3o da situa\u00e7\u00e3o dos professores tempor\u00e1rios, instituindo o exame como requisito para sua atua\u00e7\u00e3o nas aulas.<\/p>\n<p>Em sua segunda fase, foi criado o Programa de Valoriza\u00e7\u00e3o pelo M\u00e9rito, alinhado \u00e0 pol\u00edtica educacional iniciada em 2006 pelo Governo do Estado, que privilegia professores, diretores e supervisores de ensino, valorizando o profissional de toda a rede de acordo com seu esfor\u00e7o e dedica\u00e7\u00e3o. A Valoriza\u00e7\u00e3o pelo M\u00e9rito conta com medidas que v\u00e3o permitir aos professores quadruplicar o sal\u00e1rio inicial da carreira desde que cumpram as regras de promo\u00e7\u00e3o, tenham notas m\u00ednimas em avalia\u00e7\u00f5es\u00a0 e consigam classifica\u00e7\u00e3o entre os 20% melhores dentro do quadro total do magist\u00e9rio no Estado. A remunera\u00e7\u00e3o inicial para a jornada de 40 horas semanais, que hoje \u00e9 de R$ 1.834,85, poder\u00e1 chegar a R$ 6.270,78 ao longo da carreira, um aumento de 242%.<\/p>\n<p>Al\u00e9m do programa de valoriza\u00e7\u00e3o, os profissionais continuar\u00e3o se beneficiando do B\u00f4nus por Resultado, que paga at\u00e9 2,9 sal\u00e1rios extras por ano para as equipes que superarem as metas estabelecidas para cada escola. Com o novo programa, os valores pagos pelo b\u00f4nus ser\u00e3o ainda maiores, pois os sal\u00e1rios ser\u00e3o maiores.<\/p>\n<p>O Programa Valoriza\u00e7\u00e3o pelo M\u00e9rito d\u00e1 sequ\u00eancia ao amplo programa desenvolvido pelo Governo para melhorar a qualidade do ensino, com medidas como o Programa Ler e Escrever (voltado \u00e0 acelera\u00e7\u00e3o da alfabetiza\u00e7\u00e3o de crian\u00e7as de 1\u00aa \u00e0 4\u00aa s\u00e9ries), o S\u00e3o Paulo Faz Escola (com novo curr\u00edculo e materiais espec\u00edficos para alunos e professores) e diversas modalidades de recupera\u00e7\u00e3o de aprendizagem para alunos com dificuldades, entre outras a\u00e7\u00f5es.<\/p>\n<p>Da Secretaria da Educa\u00e7\u00e3o<\/p>\n","protected":false},"excerpt":{"rendered":"<p>Concurso Educa\u00e7\u00e3o SP pela Funda\u00e7\u00e3o Carlos Chagas &#8211; A\u00a0Secretaria da Educa\u00e7\u00e3o divulgou na quinta-feira, 28, por meio de resolu\u00e7\u00e3o publicada no Di\u00e1rio Oficial do Estado de S\u00e3o Paulo, as compet\u00eancias, habilidades e bibliografia desej\u00e1veis aos interessados em participar do concurso que oferece 10 mil vagas para professores do Ensino Fundamental e M\u00e9dio (PEB II) e [&hellip;]<\/p>\n","protected":false},"author":3,"featured_media":0,"comment_status":"open","ping_status":"open","sticky":false,"template":"","format":"standard","meta":{"tdm_status":"","tdm_grid_status":"","footnotes":""},"categories":[22,352,370],"tags":[],"class_list":{"0":"post-22712","1":"post","2":"type-post","3":"status-publish","4":"format-standard","6":"category-brasil","7":"category-concursos","8":"category-inscricao"},"_links":{"self":[{"href":"https:\/\/migracao.redenoticia.com.br\/noticia\/wp-json\/wp\/v2\/posts\/22712","targetHints":{"allow":["GET"]}}],"collection":[{"href":"https:\/\/migracao.redenoticia.com.br\/noticia\/wp-json\/wp\/v2\/posts"}],"about":[{"href":"https:\/\/migracao.redenoticia.com.br\/noticia\/wp-json\/wp\/v2\/types\/post"}],"author":[{"embeddable":true,"href":"https:\/\/migracao.redenoticia.com.br\/noticia\/wp-json\/wp\/v2\/users\/3"}],"replies":[{"embeddable":true,"href":"https:\/\/migracao.redenoticia.com.br\/noticia\/wp-json\/wp\/v2\/comments?post=22712"}],"version-history":[{"count":0,"href":"https:\/\/migracao.redenoticia.com.br\/noticia\/wp-json\/wp\/v2\/posts\/22712\/revisions"}],"wp:attachment":[{"href":"https:\/\/migracao.redenoticia.com.br\/noticia\/wp-json\/wp\/v2\/media?parent=22712"}],"wp:term":[{"taxonomy":"category","embeddable":true,"href":"https:\/\/migracao.redenoticia.com.br\/noticia\/wp-json\/wp\/v2\/categories?post=22712"},{"taxonomy":"post_tag","embeddable":true,"href":"https:\/\/migracao.redenoticia.com.br\/noticia\/wp-json\/wp\/v2\/tags?post=22712"}],"curies":[{"name":"wp","href":"https:\/\/api.w.org\/{rel}","templated":true}]}}