{"id":227182,"date":"2022-12-13T16:45:42","date_gmt":"2022-12-13T19:45:42","guid":{"rendered":"https:\/\/www.redenoticia.com.br\/noticia\/?p=227182"},"modified":"2022-12-13T16:45:42","modified_gmt":"2022-12-13T19:45:42","slug":"resumo-cara-e-coragem-14-12-leonardo-confessa-que-mandou-matar-clarice","status":"publish","type":"post","link":"https:\/\/migracao.redenoticia.com.br\/noticia\/2022\/resumo-cara-e-coragem-14-12-leonardo-confessa-que-mandou-matar-clarice\/227182","title":{"rendered":"Resumo \u201cCara e Coragem\u201d 14\/12: Leonardo confessa que mandou matar Clarice"},"content":{"rendered":"<p> <img loading=\"lazy\" decoding=\"async\" class=\"aligncenter size-full wp-image-220184\" src=\"https:\/\/migracao.redenoticia.com.br\/noticia\/imagens\/cara-e-coragem.jpg\" alt=\"\" width=\"1280\" height=\"720\" srcset=\"https:\/\/migracao.redenoticia.com.br\/noticia\/imagens\/cara-e-coragem.jpg 1280w, https:\/\/migracao.redenoticia.com.br\/noticia\/imagens\/cara-e-coragem-250x140.jpg 250w, https:\/\/migracao.redenoticia.com.br\/noticia\/imagens\/cara-e-coragem-400x225.jpg 400w, https:\/\/migracao.redenoticia.com.br\/noticia\/imagens\/cara-e-coragem-768x432.jpg 768w, https:\/\/migracao.redenoticia.com.br\/noticia\/imagens\/cara-e-coragem-150x84.jpg 150w\" sizes=\"auto, (max-width: 1280px) 100vw, 1280px\" \/><\/p>\n<p><strong><em>Resumo da novela \u201cCara e Coragem\u201d<\/em><\/strong> em 14\/12: no cap\u00edtulo 171(*) da novela, Anita pede que Clarice n\u00e3o procure Leonardo. C\u00e9lia faz um esc\u00e2ndalo com a desconfian\u00e7a de Rebeca. Moa fala para Pat que n\u00e3o confia em R\u00f4mulo. J\u00e9ssica tem uma conversa s\u00e9ria com Leonardo. Rebeca pede a ajuda de C\u00e9lia para encontrar sua m\u00e3e biol\u00f3gica. Moa confessa a Milton que quer reconquistar Pat. Clarice conta para Martha e Regina sobre Leonardo. <\/p>\n<p>C\u00e9lia revela a Danilo que Rebeca descobriu que ela n\u00e3o \u00e9 sua m\u00e3e biol\u00f3gica. Andr\u00e9a conta a Rebeca que foi Danilo quem mandou falsificar o exame de DNA que ela fez com C\u00e9lia. \u00cdtalo avisa a Clarice que Leonardo voltou a perambular pelas ruas. Armandinho fica preso com Luana no elevador. Rebeca confronta Danilo. Leonardo vai \u00e0 pol\u00edcia e confessa a Marcela e Paulo que mandou matar Clarice.<\/p>\n<p>(*) edi\u00e7\u00e3o das novelas da Globo, \u201cCara e Coragem\u201d, sujeito a altera\u00e7\u00e3o de data e conte\u00fado.<\/p>\n<p>Sinopse \u201cCara e Coragem\u201d: Os dubl\u00eas profissionais Pat e Moa ter\u00e3o seus caminhos tra\u00e7ados com o da empres\u00e1ria Clarice Gusm\u00e3o, diretora da Sider\u00fargica Gusm\u00e3o e inventora de uma f\u00f3rmula secreta milion\u00e1ria, que ser\u00e1 invejada por Leonardo, irm\u00e3o de Clarice, sua amante Regina, e Danilo, tamb\u00e9m empres\u00e1rio.<\/p>\n<p>Enquanto os dubl\u00eas se descobrir\u00e3o apaixonados um pelo outro, mesmo que eles n\u00e3o admitam, Clarice ter\u00e1 um caso com \u00cdtalo, um instrutor de parkur, al\u00e9m de outros segredos obscuros dentro da trama. Uma reviravolta em sua vida acontece ao descobrir a exist\u00eancia de Anita, uma s\u00f3sia sua, mas com uma personalidade totalmente oposta.<\/p>\n","protected":false},"excerpt":{"rendered":"<p>Resumo da novela \u201cCara e Coragem\u201d em 14\/12: no cap\u00edtulo 171(*) da novela, Anita pede que Clarice n\u00e3o procure Leonardo. C\u00e9lia faz um esc\u00e2ndalo com a desconfian\u00e7a de Rebeca. Moa fala para Pat que n\u00e3o confia em R\u00f4mulo. J\u00e9ssica tem uma conversa s\u00e9ria com Leonardo. Rebeca pede a ajuda de C\u00e9lia para encontrar sua m\u00e3e [&hellip;]<\/p>\n","protected":false},"author":4,"featured_media":220185,"comment_status":"closed","ping_status":"closed","sticky":false,"template":"","format":"standard","meta":{"tdm_status":"","tdm_grid_status":"","footnotes":""},"categories":[2281,379,375,2025,343],"tags":[441],"class_list":{"0":"post-227182","1":"post","2":"type-post","3":"status-publish","4":"format-standard","5":"has-post-thumbnail","7":"category-cara-e-coragem","8":"category-novelas","9":"category-rede-globo","10":"category-resumo","11":"category-televisao","12":"tag-resumo-do-dia"},"_links":{"self":[{"href":"https:\/\/migracao.redenoticia.com.br\/noticia\/wp-json\/wp\/v2\/posts\/227182","targetHints":{"allow":["GET"]}}],"collection":[{"href":"https:\/\/migracao.redenoticia.com.br\/noticia\/wp-json\/wp\/v2\/posts"}],"about":[{"href":"https:\/\/migracao.redenoticia.com.br\/noticia\/wp-json\/wp\/v2\/types\/post"}],"author":[{"embeddable":true,"href":"https:\/\/migracao.redenoticia.com.br\/noticia\/wp-json\/wp\/v2\/users\/4"}],"replies":[{"embeddable":true,"href":"https:\/\/migracao.redenoticia.com.br\/noticia\/wp-json\/wp\/v2\/comments?post=227182"}],"version-history":[{"count":0,"href":"https:\/\/migracao.redenoticia.com.br\/noticia\/wp-json\/wp\/v2\/posts\/227182\/revisions"}],"wp:featuredmedia":[{"embeddable":true,"href":"https:\/\/migracao.redenoticia.com.br\/noticia\/wp-json\/wp\/v2\/media\/220185"}],"wp:attachment":[{"href":"https:\/\/migracao.redenoticia.com.br\/noticia\/wp-json\/wp\/v2\/media?parent=227182"}],"wp:term":[{"taxonomy":"category","embeddable":true,"href":"https:\/\/migracao.redenoticia.com.br\/noticia\/wp-json\/wp\/v2\/categories?post=227182"},{"taxonomy":"post_tag","embeddable":true,"href":"https:\/\/migracao.redenoticia.com.br\/noticia\/wp-json\/wp\/v2\/tags?post=227182"}],"curies":[{"name":"wp","href":"https:\/\/api.w.org\/{rel}","templated":true}]}}