{"id":227226,"date":"2022-12-14T17:52:10","date_gmt":"2022-12-14T20:52:10","guid":{"rendered":"https:\/\/www.redenoticia.com.br\/noticia\/?p=227226"},"modified":"2022-12-14T17:52:10","modified_gmt":"2022-12-14T20:52:10","slug":"resumo-cara-e-coragem-15-12-regina-conta-para-danilo-que-leonardo-foi-a-policia","status":"publish","type":"post","link":"https:\/\/migracao.redenoticia.com.br\/noticia\/2022\/resumo-cara-e-coragem-15-12-regina-conta-para-danilo-que-leonardo-foi-a-policia\/227226","title":{"rendered":"Resumo \u201cCara e Coragem\u201d 15\/12: Regina conta para Danilo que Leonardo foi \u00e0 pol\u00edcia"},"content":{"rendered":"<p> <img loading=\"lazy\" decoding=\"async\" class=\"aligncenter size-full wp-image-220184\" src=\"https:\/\/migracao.redenoticia.com.br\/noticia\/imagens\/cara-e-coragem.jpg\" alt=\"\" width=\"1280\" height=\"720\" srcset=\"https:\/\/migracao.redenoticia.com.br\/noticia\/imagens\/cara-e-coragem.jpg 1280w, https:\/\/migracao.redenoticia.com.br\/noticia\/imagens\/cara-e-coragem-250x140.jpg 250w, https:\/\/migracao.redenoticia.com.br\/noticia\/imagens\/cara-e-coragem-400x225.jpg 400w, https:\/\/migracao.redenoticia.com.br\/noticia\/imagens\/cara-e-coragem-768x432.jpg 768w, https:\/\/migracao.redenoticia.com.br\/noticia\/imagens\/cara-e-coragem-150x84.jpg 150w\" sizes=\"auto, (max-width: 1280px) 100vw, 1280px\" \/><\/p>\n<p><strong><em>Resumo da novela \u201cCara e Coragem\u201d<\/em><\/strong> em 15\/12: no cap\u00edtulo 172(*) da novela, Leonardo presta depoimento para Marcela e Paulo, mas mente para proteger Regina. Rebeca revela a Danilo que descobriu suas falcatruas. Clarice procura Leonardo. Moa consola Rebeca, que implora para ver Chiquinho. Lou e Rico comunicam os pais do casamento e todos se emocionam. Leonardo pede para Regina se entregar \u00e0 pol\u00edcia, e ela o abandona. <\/p>\n<p>Ol\u00edvia diz a Enzo que precisa entender a verdade sobre a hist\u00f3ria da vasectomia de Alfredo. Rebeca pede para C\u00e9lia e Fernanda continuarem a morar com ela. Regina conta para Danilo que Leonardo foi \u00e0 pol\u00edcia. Ol\u00edvia questiona Pat sobre o hist\u00f3rico m\u00e9dico de Alfredo. Martha procura Leonardo. Ol\u00edvia confronta Alfredo, que confessa que Soss\u00f4 n\u00e3o \u00e9 sua filha biol\u00f3gica. Danilo e Regina se beijam.<\/p>\n<p>(*) edi\u00e7\u00e3o das novelas da Globo, \u201cCara e Coragem\u201d, sujeito a altera\u00e7\u00e3o de data e conte\u00fado.<\/p>\n<p>Sinopse \u201cCara e Coragem\u201d: Os dubl\u00eas profissionais Pat e Moa ter\u00e3o seus caminhos tra\u00e7ados com o da empres\u00e1ria Clarice Gusm\u00e3o, diretora da Sider\u00fargica Gusm\u00e3o e inventora de uma f\u00f3rmula secreta milion\u00e1ria, que ser\u00e1 invejada por Leonardo, irm\u00e3o de Clarice, sua amante Regina, e Danilo, tamb\u00e9m empres\u00e1rio.<\/p>\n<p>Enquanto os dubl\u00eas se descobrir\u00e3o apaixonados um pelo outro, mesmo que eles n\u00e3o admitam, Clarice ter\u00e1 um caso com \u00cdtalo, um instrutor de parkur, al\u00e9m de outros segredos obscuros dentro da trama. Uma reviravolta em sua vida acontece ao descobrir a exist\u00eancia de Anita, uma s\u00f3sia sua, mas com uma personalidade totalmente oposta.<\/p>\n","protected":false},"excerpt":{"rendered":"<p>Resumo da novela \u201cCara e Coragem\u201d em 15\/12: no cap\u00edtulo 172(*) da novela, Leonardo presta depoimento para Marcela e Paulo, mas mente para proteger Regina. Rebeca revela a Danilo que descobriu suas falcatruas. Clarice procura Leonardo. Moa consola Rebeca, que implora para ver Chiquinho. Lou e Rico comunicam os pais do casamento e todos se [&hellip;]<\/p>\n","protected":false},"author":5,"featured_media":220185,"comment_status":"closed","ping_status":"closed","sticky":false,"template":"","format":"standard","meta":{"tdm_status":"","tdm_grid_status":"","footnotes":""},"categories":[2281,379,375,2025,343],"tags":[441],"class_list":{"0":"post-227226","1":"post","2":"type-post","3":"status-publish","4":"format-standard","5":"has-post-thumbnail","7":"category-cara-e-coragem","8":"category-novelas","9":"category-rede-globo","10":"category-resumo","11":"category-televisao","12":"tag-resumo-do-dia"},"_links":{"self":[{"href":"https:\/\/migracao.redenoticia.com.br\/noticia\/wp-json\/wp\/v2\/posts\/227226","targetHints":{"allow":["GET"]}}],"collection":[{"href":"https:\/\/migracao.redenoticia.com.br\/noticia\/wp-json\/wp\/v2\/posts"}],"about":[{"href":"https:\/\/migracao.redenoticia.com.br\/noticia\/wp-json\/wp\/v2\/types\/post"}],"author":[{"embeddable":true,"href":"https:\/\/migracao.redenoticia.com.br\/noticia\/wp-json\/wp\/v2\/users\/5"}],"replies":[{"embeddable":true,"href":"https:\/\/migracao.redenoticia.com.br\/noticia\/wp-json\/wp\/v2\/comments?post=227226"}],"version-history":[{"count":0,"href":"https:\/\/migracao.redenoticia.com.br\/noticia\/wp-json\/wp\/v2\/posts\/227226\/revisions"}],"wp:featuredmedia":[{"embeddable":true,"href":"https:\/\/migracao.redenoticia.com.br\/noticia\/wp-json\/wp\/v2\/media\/220185"}],"wp:attachment":[{"href":"https:\/\/migracao.redenoticia.com.br\/noticia\/wp-json\/wp\/v2\/media?parent=227226"}],"wp:term":[{"taxonomy":"category","embeddable":true,"href":"https:\/\/migracao.redenoticia.com.br\/noticia\/wp-json\/wp\/v2\/categories?post=227226"},{"taxonomy":"post_tag","embeddable":true,"href":"https:\/\/migracao.redenoticia.com.br\/noticia\/wp-json\/wp\/v2\/tags?post=227226"}],"curies":[{"name":"wp","href":"https:\/\/api.w.org\/{rel}","templated":true}]}}