{"id":227272,"date":"2022-12-15T17:31:43","date_gmt":"2022-12-15T20:31:43","guid":{"rendered":"https:\/\/www.redenoticia.com.br\/noticia\/?p=227272"},"modified":"2022-12-15T17:31:43","modified_gmt":"2022-12-15T20:31:43","slug":"resumo-cara-e-coragem-16-12-clarice-e-sequestrada-por-alexei","status":"publish","type":"post","link":"https:\/\/migracao.redenoticia.com.br\/noticia\/2022\/resumo-cara-e-coragem-16-12-clarice-e-sequestrada-por-alexei\/227272","title":{"rendered":"Resumo \u201cCara e Coragem\u201d 16\/12: Clarice \u00e9 sequestrada por Alexei"},"content":{"rendered":"<p> <img loading=\"lazy\" decoding=\"async\" class=\"aligncenter size-full wp-image-220184\" src=\"https:\/\/migracao.redenoticia.com.br\/noticia\/imagens\/cara-e-coragem.jpg\" alt=\"\" width=\"1280\" height=\"720\" srcset=\"https:\/\/migracao.redenoticia.com.br\/noticia\/imagens\/cara-e-coragem.jpg 1280w, https:\/\/migracao.redenoticia.com.br\/noticia\/imagens\/cara-e-coragem-250x140.jpg 250w, https:\/\/migracao.redenoticia.com.br\/noticia\/imagens\/cara-e-coragem-400x225.jpg 400w, https:\/\/migracao.redenoticia.com.br\/noticia\/imagens\/cara-e-coragem-768x432.jpg 768w, https:\/\/migracao.redenoticia.com.br\/noticia\/imagens\/cara-e-coragem-150x84.jpg 150w\" sizes=\"auto, (max-width: 1280px) 100vw, 1280px\" \/><\/p>\n<p><strong><em>Resumo da novela \u201cCara e Coragem\u201d<\/em><\/strong> em 16\/12: no cap\u00edtulo 173(*) da novela, Regina e Danilo decidem ficar juntos. Leonardo pede para Martha voltar a morar com ele. Alfredo n\u00e3o aceita que Ol\u00edvia queira contar a verdade para Pat sobre a paternidade de Soss\u00f4. Clarice se insinua para \u00cdtalo. Ol\u00edvia observa Soss\u00f4 com Alfredo. Leonardo garante a Clarice que colocar\u00e1 o apartamento da fam\u00edlia em nome de Martha. Renan afirma a Lucas que voltar\u00e1 para a Companhia de Dan\u00e7a. <\/p>\n<p>R\u00f4mulo aparece de surpresa na Coragem.com e pede para treinar luta com Pat. \u00cdtalo monitora Clarice pelo seu computador. O carro de Clarice \u00e9 perseguido sem que o seguran\u00e7a perceba. Alexei avisa a Regina que cumprir\u00e1 com o pedido que ela lhe fez. Ol\u00edvia confidencia a Enzo que acredita que Moa seja o pai biol\u00f3gico de Soss\u00f4. R\u00f4mulo imobiliza Pat no treino, e Moa se enfurece com o rival. Clarice \u00e9 sequestrada por Alexei e \u00cdtalo avisa a Martha que est\u00e1 indo resgat\u00e1-la.<\/p>\n<p>(*) edi\u00e7\u00e3o das novelas da Globo, \u201cCara e Coragem\u201d, sujeito a altera\u00e7\u00e3o de data e conte\u00fado.<\/p>\n<p>Sinopse \u201cCara e Coragem\u201d: Os dubl\u00eas profissionais Pat e Moa ter\u00e3o seus caminhos tra\u00e7ados com o da empres\u00e1ria Clarice Gusm\u00e3o, diretora da Sider\u00fargica Gusm\u00e3o e inventora de uma f\u00f3rmula secreta milion\u00e1ria, que ser\u00e1 invejada por Leonardo, irm\u00e3o de Clarice, sua amante Regina, e Danilo, tamb\u00e9m empres\u00e1rio.<\/p>\n<p>Enquanto os dubl\u00eas se descobrir\u00e3o apaixonados um pelo outro, mesmo que eles n\u00e3o admitam, Clarice ter\u00e1 um caso com \u00cdtalo, um instrutor de parkur, al\u00e9m de outros segredos obscuros dentro da trama. Uma reviravolta em sua vida acontece ao descobrir a exist\u00eancia de Anita, uma s\u00f3sia sua, mas com uma personalidade totalmente oposta. <\/p>\n","protected":false},"excerpt":{"rendered":"<p>Resumo da novela \u201cCara e Coragem\u201d em 16\/12: no cap\u00edtulo 173(*) da novela, Regina e Danilo decidem ficar juntos. Leonardo pede para Martha voltar a morar com ele. Alfredo n\u00e3o aceita que Ol\u00edvia queira contar a verdade para Pat sobre a paternidade de Soss\u00f4. Clarice se insinua para \u00cdtalo. Ol\u00edvia observa Soss\u00f4 com Alfredo. Leonardo [&hellip;]<\/p>\n","protected":false},"author":2,"featured_media":220185,"comment_status":"closed","ping_status":"closed","sticky":false,"template":"","format":"standard","meta":{"tdm_status":"","tdm_grid_status":"","footnotes":""},"categories":[2281,379,375,2025,343],"tags":[441],"class_list":{"0":"post-227272","1":"post","2":"type-post","3":"status-publish","4":"format-standard","5":"has-post-thumbnail","7":"category-cara-e-coragem","8":"category-novelas","9":"category-rede-globo","10":"category-resumo","11":"category-televisao","12":"tag-resumo-do-dia"},"_links":{"self":[{"href":"https:\/\/migracao.redenoticia.com.br\/noticia\/wp-json\/wp\/v2\/posts\/227272","targetHints":{"allow":["GET"]}}],"collection":[{"href":"https:\/\/migracao.redenoticia.com.br\/noticia\/wp-json\/wp\/v2\/posts"}],"about":[{"href":"https:\/\/migracao.redenoticia.com.br\/noticia\/wp-json\/wp\/v2\/types\/post"}],"author":[{"embeddable":true,"href":"https:\/\/migracao.redenoticia.com.br\/noticia\/wp-json\/wp\/v2\/users\/2"}],"replies":[{"embeddable":true,"href":"https:\/\/migracao.redenoticia.com.br\/noticia\/wp-json\/wp\/v2\/comments?post=227272"}],"version-history":[{"count":0,"href":"https:\/\/migracao.redenoticia.com.br\/noticia\/wp-json\/wp\/v2\/posts\/227272\/revisions"}],"wp:featuredmedia":[{"embeddable":true,"href":"https:\/\/migracao.redenoticia.com.br\/noticia\/wp-json\/wp\/v2\/media\/220185"}],"wp:attachment":[{"href":"https:\/\/migracao.redenoticia.com.br\/noticia\/wp-json\/wp\/v2\/media?parent=227272"}],"wp:term":[{"taxonomy":"category","embeddable":true,"href":"https:\/\/migracao.redenoticia.com.br\/noticia\/wp-json\/wp\/v2\/categories?post=227272"},{"taxonomy":"post_tag","embeddable":true,"href":"https:\/\/migracao.redenoticia.com.br\/noticia\/wp-json\/wp\/v2\/tags?post=227272"}],"curies":[{"name":"wp","href":"https:\/\/api.w.org\/{rel}","templated":true}]}}