{"id":227365,"date":"2022-12-18T13:51:59","date_gmt":"2022-12-18T16:51:59","guid":{"rendered":"https:\/\/www.redenoticia.com.br\/noticia\/?p=227365"},"modified":"2022-12-18T13:51:59","modified_gmt":"2022-12-18T16:51:59","slug":"resumo-cara-e-coragem-19-12-italo-conta-para-anita-que-ele-e-clarice-se-beijaram","status":"publish","type":"post","link":"https:\/\/migracao.redenoticia.com.br\/noticia\/2022\/resumo-cara-e-coragem-19-12-italo-conta-para-anita-que-ele-e-clarice-se-beijaram\/227365","title":{"rendered":"Resumo \u201cCara e Coragem\u201d 19\/12: \u00cdtalo conta para Anita que ele e Clarice se beijaram"},"content":{"rendered":"<p> <img loading=\"lazy\" decoding=\"async\" class=\"aligncenter size-full wp-image-220184\" src=\"https:\/\/migracao.redenoticia.com.br\/noticia\/imagens\/cara-e-coragem.jpg\" alt=\"\" width=\"1280\" height=\"720\" srcset=\"https:\/\/migracao.redenoticia.com.br\/noticia\/imagens\/cara-e-coragem.jpg 1280w, https:\/\/migracao.redenoticia.com.br\/noticia\/imagens\/cara-e-coragem-250x140.jpg 250w, https:\/\/migracao.redenoticia.com.br\/noticia\/imagens\/cara-e-coragem-400x225.jpg 400w, https:\/\/migracao.redenoticia.com.br\/noticia\/imagens\/cara-e-coragem-768x432.jpg 768w, https:\/\/migracao.redenoticia.com.br\/noticia\/imagens\/cara-e-coragem-150x84.jpg 150w\" sizes=\"auto, (max-width: 1280px) 100vw, 1280px\" \/><\/p>\n<p><strong><em>Resumo da novela \u201cCara e Coragem\u201d<\/em><\/strong> em 19\/12: no cap\u00edtulo 175(*) da novela, Leonardo chora com a trai\u00e7\u00e3o de Regina e Danilo. Ol\u00edvia pergunta a Alfredo se Moa \u00e9 o pai biol\u00f3gico de Soss\u00f4. \u00cdtalo conta para Anita que ele e Clarice se beijaram. Clarice tenta convencer Leonardo a denunciar Regina. J\u00e9ssica hostiliza Andr\u00e9a para defender Duarte. Alfredo confirma a Ol\u00edvia que Moa \u00e9 o pai biol\u00f3gico de Soss\u00f4. Martha acolhe Leonardo ao ver o filho destruir a foto com a esposa. <\/p>\n<p>Danilo encontra os documentos que procurava sobre a SG. Renan se enfurece quando Ol\u00edvia o expulsa da Companhia de Dan\u00e7a mais uma vez. Armandinho convida Luana para sair. Joca aparece no brech\u00f3 com um novo visual, e Dalva se interessa por ele. Danilo comprova a Clarice que tamb\u00e9m \u00e9 herdeiro da SG. \u00cdsis conta para Renan que Lou e Rico v\u00e3o se casar. Martha e Clarice se preocupam quando Dona Lia avisa que Leonardo saiu de casa escondido. Leonardo procura Regina. Alfredo decide conversar com Pat. <\/p>\n<p>(*) edi\u00e7\u00e3o das novelas da Globo, \u201cCara e Coragem\u201d, sujeito a altera\u00e7\u00e3o de data e conte\u00fado.<\/p>\n<p>Sinopse \u201cCara e Coragem\u201d: Os dubl\u00eas profissionais Pat e Moa ter\u00e3o seus caminhos tra\u00e7ados com o da empres\u00e1ria Clarice Gusm\u00e3o, diretora da Sider\u00fargica Gusm\u00e3o e inventora de uma f\u00f3rmula secreta milion\u00e1ria, que ser\u00e1 invejada por Leonardo, irm\u00e3o de Clarice, sua amante Regina, e Danilo, tamb\u00e9m empres\u00e1rio.<\/p>\n<p>Enquanto os dubl\u00eas se descobrir\u00e3o apaixonados um pelo outro, mesmo que eles n\u00e3o admitam, Clarice ter\u00e1 um caso com \u00cdtalo, um instrutor de parkur, al\u00e9m de outros segredos obscuros dentro da trama. Uma reviravolta em sua vida acontece ao descobrir a exist\u00eancia de Anita, uma s\u00f3sia sua, mas com uma personalidade totalmente oposta.<\/p>\n","protected":false},"excerpt":{"rendered":"<p>Resumo da novela \u201cCara e Coragem\u201d em 19\/12: no cap\u00edtulo 175(*) da novela, Leonardo chora com a trai\u00e7\u00e3o de Regina e Danilo. Ol\u00edvia pergunta a Alfredo se Moa \u00e9 o pai biol\u00f3gico de Soss\u00f4. \u00cdtalo conta para Anita que ele e Clarice se beijaram. Clarice tenta convencer Leonardo a denunciar Regina. J\u00e9ssica hostiliza Andr\u00e9a para [&hellip;]<\/p>\n","protected":false},"author":2,"featured_media":220185,"comment_status":"closed","ping_status":"closed","sticky":false,"template":"","format":"standard","meta":{"tdm_status":"","tdm_grid_status":"","footnotes":""},"categories":[2281,379,375,2025,343],"tags":[441],"class_list":{"0":"post-227365","1":"post","2":"type-post","3":"status-publish","4":"format-standard","5":"has-post-thumbnail","7":"category-cara-e-coragem","8":"category-novelas","9":"category-rede-globo","10":"category-resumo","11":"category-televisao","12":"tag-resumo-do-dia"},"_links":{"self":[{"href":"https:\/\/migracao.redenoticia.com.br\/noticia\/wp-json\/wp\/v2\/posts\/227365","targetHints":{"allow":["GET"]}}],"collection":[{"href":"https:\/\/migracao.redenoticia.com.br\/noticia\/wp-json\/wp\/v2\/posts"}],"about":[{"href":"https:\/\/migracao.redenoticia.com.br\/noticia\/wp-json\/wp\/v2\/types\/post"}],"author":[{"embeddable":true,"href":"https:\/\/migracao.redenoticia.com.br\/noticia\/wp-json\/wp\/v2\/users\/2"}],"replies":[{"embeddable":true,"href":"https:\/\/migracao.redenoticia.com.br\/noticia\/wp-json\/wp\/v2\/comments?post=227365"}],"version-history":[{"count":0,"href":"https:\/\/migracao.redenoticia.com.br\/noticia\/wp-json\/wp\/v2\/posts\/227365\/revisions"}],"wp:featuredmedia":[{"embeddable":true,"href":"https:\/\/migracao.redenoticia.com.br\/noticia\/wp-json\/wp\/v2\/media\/220185"}],"wp:attachment":[{"href":"https:\/\/migracao.redenoticia.com.br\/noticia\/wp-json\/wp\/v2\/media?parent=227365"}],"wp:term":[{"taxonomy":"category","embeddable":true,"href":"https:\/\/migracao.redenoticia.com.br\/noticia\/wp-json\/wp\/v2\/categories?post=227365"},{"taxonomy":"post_tag","embeddable":true,"href":"https:\/\/migracao.redenoticia.com.br\/noticia\/wp-json\/wp\/v2\/tags?post=227365"}],"curies":[{"name":"wp","href":"https:\/\/api.w.org\/{rel}","templated":true}]}}