{"id":227385,"date":"2022-12-19T17:34:50","date_gmt":"2022-12-19T20:34:50","guid":{"rendered":"https:\/\/www.redenoticia.com.br\/noticia\/?p=227385"},"modified":"2022-12-19T19:25:47","modified_gmt":"2022-12-19T22:25:47","slug":"resumo-mar-do-sertao-20-12-coronel-coloca-as-terras-do-catende-no-nome-de-jose","status":"publish","type":"post","link":"https:\/\/migracao.redenoticia.com.br\/noticia\/2022\/resumo-mar-do-sertao-20-12-coronel-coloca-as-terras-do-catende-no-nome-de-jose\/227385","title":{"rendered":"Resumo &#8220;Mar do Sert\u00e3o&#8221; 20\/12: Joca engana Timb\u00f3"},"content":{"rendered":"<p> <img loading=\"lazy\" decoding=\"async\" class=\"aligncenter size-full wp-image-223085\" src=\"https:\/\/migracao.redenoticia.com.br\/noticia\/imagens\/mar_sertao1.jpg\" alt=\"\" width=\"1280\" height=\"720\" srcset=\"https:\/\/migracao.redenoticia.com.br\/noticia\/imagens\/mar_sertao1.jpg 1280w, https:\/\/migracao.redenoticia.com.br\/noticia\/imagens\/mar_sertao1-250x140.jpg 250w, https:\/\/migracao.redenoticia.com.br\/noticia\/imagens\/mar_sertao1-400x225.jpg 400w, https:\/\/migracao.redenoticia.com.br\/noticia\/imagens\/mar_sertao1-768x432.jpg 768w, https:\/\/migracao.redenoticia.com.br\/noticia\/imagens\/mar_sertao1-150x84.jpg 150w\" sizes=\"auto, (max-width: 1280px) 100vw, 1280px\" \/><\/p>\n<p><strong><em>Resumo da novela &#8220;Mar do Sert\u00e3o&#8221;<\/em><\/strong> em 20\/12: no cap\u00edtulo 104(*) da novela, Jos\u00e9 e Tertulinho discutem. O Coronel coloca as terras do Catende no nome de Jos\u00e9, e Tertulinho se enfurece. Xaviera chega antes de Paje\u00fa ir embora e se surpreende ao ver Deodora em trajes \u00edntimos. Tertulinho reclama dos gastos feitos pelo Coronel. Joel ajuda Jos\u00e9 a limpar o terreno da terra do Catende. <\/p>\n<p>O Coronel procura Vespertino, e Candoca o impede de agredir o agiota. Joca engana Timb\u00f3 para ver o pai trabalhar. Deodora leva o marido para a casa de Tertulinho. Escol\u00e1stica aceita a proposta de Nivalda e Sab\u00e1. Deodora repreende o Coronel por n\u00e3o cuidar de sua sa\u00fade. Xaviera encontra o documento de Rivaldo. <\/p>\n<p>(*) edi\u00e7\u00e3o das novelas da Globo, &#8220;Mar do Sert\u00e3o&#8221;, sujeito a altera\u00e7\u00e3o de data e conte\u00fado.<\/p>\n<p>Sinopse &#8220;Mar do Sert\u00e3o&#8221;: Em um Brasil onde o sol nasce com toda sua intensidade a cada dia est\u00e1 a pequena Canta Pedra. Um lugar que, segundo contam, j\u00e1 foi mar e virou sert\u00e3o. Candoca (Isadora Cruz) e Z\u00e9 Paulino (Sergio Guiz\u00e9) est\u00e3o noivos. O problema \u00e9 que o coronel Tert\u00falio (Jos\u00e9 de Abreu) \u2013 dono da Fazenda Palmeiral \u2013 d\u00e1 ordem para que Z\u00e9 Paulino leve um cavalo at\u00e9 uma outra cidade justamente na data em que a cerim\u00f4nia est\u00e1 marcada.<\/p>\n<p>Enquanto isso, Tertulinho (Renato G\u00f3es), retorna a Canta Pedra depois de uma longa temporada na capital. Ao reencontrar Candoca, o encantamento dele \u00e9 imediato. E, mesmo quando fica sabendo que a jovem \u00e9 noiva de Z\u00e9 Paulino, Tertulinho ainda tenta dar suas investidas. \u00c9 a\u00ed que o destino vai agir.<\/p>\n","protected":false},"excerpt":{"rendered":"<p>Resumo da novela &#8220;Mar do Sert\u00e3o&#8221; em 20\/12: no cap\u00edtulo 104(*) da novela, Jos\u00e9 e Tertulinho discutem. O Coronel coloca as terras do Catende no nome de Jos\u00e9, e Tertulinho se enfurece. Xaviera chega antes de Paje\u00fa ir embora e se surpreende ao ver Deodora em trajes \u00edntimos. Tertulinho reclama dos gastos feitos pelo Coronel. [&hellip;]<\/p>\n","protected":false},"author":2,"featured_media":223084,"comment_status":"closed","ping_status":"closed","sticky":false,"template":"","format":"standard","meta":{"tdm_status":"","tdm_grid_status":"","footnotes":""},"categories":[2287,379,375,2025,343],"tags":[441],"class_list":{"0":"post-227385","1":"post","2":"type-post","3":"status-publish","4":"format-standard","5":"has-post-thumbnail","7":"category-mar-do-sertao","8":"category-novelas","9":"category-rede-globo","10":"category-resumo","11":"category-televisao","12":"tag-resumo-do-dia"},"_links":{"self":[{"href":"https:\/\/migracao.redenoticia.com.br\/noticia\/wp-json\/wp\/v2\/posts\/227385","targetHints":{"allow":["GET"]}}],"collection":[{"href":"https:\/\/migracao.redenoticia.com.br\/noticia\/wp-json\/wp\/v2\/posts"}],"about":[{"href":"https:\/\/migracao.redenoticia.com.br\/noticia\/wp-json\/wp\/v2\/types\/post"}],"author":[{"embeddable":true,"href":"https:\/\/migracao.redenoticia.com.br\/noticia\/wp-json\/wp\/v2\/users\/2"}],"replies":[{"embeddable":true,"href":"https:\/\/migracao.redenoticia.com.br\/noticia\/wp-json\/wp\/v2\/comments?post=227385"}],"version-history":[{"count":0,"href":"https:\/\/migracao.redenoticia.com.br\/noticia\/wp-json\/wp\/v2\/posts\/227385\/revisions"}],"wp:featuredmedia":[{"embeddable":true,"href":"https:\/\/migracao.redenoticia.com.br\/noticia\/wp-json\/wp\/v2\/media\/223084"}],"wp:attachment":[{"href":"https:\/\/migracao.redenoticia.com.br\/noticia\/wp-json\/wp\/v2\/media?parent=227385"}],"wp:term":[{"taxonomy":"category","embeddable":true,"href":"https:\/\/migracao.redenoticia.com.br\/noticia\/wp-json\/wp\/v2\/categories?post=227385"},{"taxonomy":"post_tag","embeddable":true,"href":"https:\/\/migracao.redenoticia.com.br\/noticia\/wp-json\/wp\/v2\/tags?post=227385"}],"curies":[{"name":"wp","href":"https:\/\/api.w.org\/{rel}","templated":true}]}}