{"id":227426,"date":"2022-12-20T17:17:09","date_gmt":"2022-12-20T20:17:09","guid":{"rendered":"https:\/\/www.redenoticia.com.br\/noticia\/?p=227426"},"modified":"2022-12-20T17:17:09","modified_gmt":"2022-12-20T20:17:09","slug":"resumo-cara-e-coragem-21-12-jessica-depoe-sobre-bob-wright","status":"publish","type":"post","link":"https:\/\/migracao.redenoticia.com.br\/noticia\/2022\/resumo-cara-e-coragem-21-12-jessica-depoe-sobre-bob-wright\/227426","title":{"rendered":"Resumo \u201cCara e Coragem\u201d 21\/12: J\u00e9ssica dep\u00f5e sobre Bob Wright"},"content":{"rendered":"<p> <img loading=\"lazy\" decoding=\"async\" class=\"aligncenter size-full wp-image-220184\" src=\"https:\/\/migracao.redenoticia.com.br\/noticia\/imagens\/cara-e-coragem.jpg\" alt=\"\" width=\"1280\" height=\"720\" srcset=\"https:\/\/migracao.redenoticia.com.br\/noticia\/imagens\/cara-e-coragem.jpg 1280w, https:\/\/migracao.redenoticia.com.br\/noticia\/imagens\/cara-e-coragem-250x140.jpg 250w, https:\/\/migracao.redenoticia.com.br\/noticia\/imagens\/cara-e-coragem-400x225.jpg 400w, https:\/\/migracao.redenoticia.com.br\/noticia\/imagens\/cara-e-coragem-768x432.jpg 768w, https:\/\/migracao.redenoticia.com.br\/noticia\/imagens\/cara-e-coragem-150x84.jpg 150w\" sizes=\"auto, (max-width: 1280px) 100vw, 1280px\" \/><\/p>\n<p><strong><em>Resumo da novela \u201cCara e Coragem\u201d<\/em><\/strong> em 21\/12: no cap\u00edtulo 177(*) da novela, Pat n\u00e3o responde Moa e desconversa, deixando o parceiro desconfiado. Lou se emociona com Joca. Regina demite Luana. R\u00f4mulo convida Pat para jantar, e Moa fica irritado. Leonardo se aconselha com J\u00e9ssica. \u00cdtalo mostra para Moa o que descobriu sobre R\u00f4mulo. R\u00f4mulo tenta persuadir Pat a deixar de ser dubl\u00ea. Luana se encontra com Armandinho e reconhece o apartamento de Jonathan. <\/p>\n<p>Jarbas confessa a \u00cdtalo que est\u00e1 interessado em Margareth. Duarte e Andr\u00e9a trocam implic\u00e2ncias na padaria de Milton. Pat confidencia a Lou que Soss\u00f4 n\u00e3o \u00e9 filha biol\u00f3gica de Alfredo. J\u00e9ssica dep\u00f5e sobre Bob Wright para Marcela e Paulo. Danilo tem um pesadelo com o pai de Clarice. Clarice pede para Luana ajud\u00e1-la a entrar no apartamento de Jonathan. <\/p>\n<p>(*) edi\u00e7\u00e3o das novelas da Globo, \u201cCara e Coragem\u201d, sujeito a altera\u00e7\u00e3o de data e conte\u00fado.<\/p>\n<p>Sinopse \u201cCara e Coragem\u201d: Os dubl\u00eas profissionais Pat e Moa ter\u00e3o seus caminhos tra\u00e7ados com o da empres\u00e1ria Clarice Gusm\u00e3o, diretora da Sider\u00fargica Gusm\u00e3o e inventora de uma f\u00f3rmula secreta milion\u00e1ria, que ser\u00e1 invejada por Leonardo, irm\u00e3o de Clarice, sua amante Regina, e Danilo, tamb\u00e9m empres\u00e1rio.<\/p>\n<p>Enquanto os dubl\u00eas se descobrir\u00e3o apaixonados um pelo outro, mesmo que eles n\u00e3o admitam, Clarice ter\u00e1 um caso com \u00cdtalo, um instrutor de parkur, al\u00e9m de outros segredos obscuros dentro da trama. Uma reviravolta em sua vida acontece ao descobrir a exist\u00eancia de Anita, uma s\u00f3sia sua, mas com uma personalidade totalmente oposta.<\/p>\n","protected":false},"excerpt":{"rendered":"<p>Resumo da novela \u201cCara e Coragem\u201d em 21\/12: no cap\u00edtulo 177(*) da novela, Pat n\u00e3o responde Moa e desconversa, deixando o parceiro desconfiado. Lou se emociona com Joca. Regina demite Luana. R\u00f4mulo convida Pat para jantar, e Moa fica irritado. Leonardo se aconselha com J\u00e9ssica. \u00cdtalo mostra para Moa o que descobriu sobre R\u00f4mulo. R\u00f4mulo [&hellip;]<\/p>\n","protected":false},"author":4,"featured_media":220185,"comment_status":"closed","ping_status":"closed","sticky":false,"template":"","format":"standard","meta":{"tdm_status":"","tdm_grid_status":"","footnotes":""},"categories":[2281,379,375,2025,343],"tags":[441],"class_list":{"0":"post-227426","1":"post","2":"type-post","3":"status-publish","4":"format-standard","5":"has-post-thumbnail","7":"category-cara-e-coragem","8":"category-novelas","9":"category-rede-globo","10":"category-resumo","11":"category-televisao","12":"tag-resumo-do-dia"},"_links":{"self":[{"href":"https:\/\/migracao.redenoticia.com.br\/noticia\/wp-json\/wp\/v2\/posts\/227426","targetHints":{"allow":["GET"]}}],"collection":[{"href":"https:\/\/migracao.redenoticia.com.br\/noticia\/wp-json\/wp\/v2\/posts"}],"about":[{"href":"https:\/\/migracao.redenoticia.com.br\/noticia\/wp-json\/wp\/v2\/types\/post"}],"author":[{"embeddable":true,"href":"https:\/\/migracao.redenoticia.com.br\/noticia\/wp-json\/wp\/v2\/users\/4"}],"replies":[{"embeddable":true,"href":"https:\/\/migracao.redenoticia.com.br\/noticia\/wp-json\/wp\/v2\/comments?post=227426"}],"version-history":[{"count":0,"href":"https:\/\/migracao.redenoticia.com.br\/noticia\/wp-json\/wp\/v2\/posts\/227426\/revisions"}],"wp:featuredmedia":[{"embeddable":true,"href":"https:\/\/migracao.redenoticia.com.br\/noticia\/wp-json\/wp\/v2\/media\/220185"}],"wp:attachment":[{"href":"https:\/\/migracao.redenoticia.com.br\/noticia\/wp-json\/wp\/v2\/media?parent=227426"}],"wp:term":[{"taxonomy":"category","embeddable":true,"href":"https:\/\/migracao.redenoticia.com.br\/noticia\/wp-json\/wp\/v2\/categories?post=227426"},{"taxonomy":"post_tag","embeddable":true,"href":"https:\/\/migracao.redenoticia.com.br\/noticia\/wp-json\/wp\/v2\/tags?post=227426"}],"curies":[{"name":"wp","href":"https:\/\/api.w.org\/{rel}","templated":true}]}}