{"id":227581,"date":"2022-12-25T17:17:41","date_gmt":"2022-12-25T20:17:41","guid":{"rendered":"https:\/\/www.redenoticia.com.br\/noticia\/?p=227581"},"modified":"2022-12-25T17:24:50","modified_gmt":"2022-12-25T20:24:50","slug":"resumo-cara-e-coragem-26-12-italo-pede-ajuda-para-provar-que-romulo-e-bandido","status":"publish","type":"post","link":"https:\/\/migracao.redenoticia.com.br\/noticia\/2022\/resumo-cara-e-coragem-26-12-italo-pede-ajuda-para-provar-que-romulo-e-bandido\/227581","title":{"rendered":"Resumo \u201cCara e Coragem\u201d 26\/12: \u00cdtalo pede ajuda para provar que R\u00f4mulo \u00e9 bandido"},"content":{"rendered":"<p> <img loading=\"lazy\" decoding=\"async\" class=\"aligncenter size-full wp-image-220184\" src=\"https:\/\/migracao.redenoticia.com.br\/noticia\/imagens\/cara-e-coragem.jpg\" alt=\"\" width=\"1280\" height=\"720\" srcset=\"https:\/\/migracao.redenoticia.com.br\/noticia\/imagens\/cara-e-coragem.jpg 1280w, https:\/\/migracao.redenoticia.com.br\/noticia\/imagens\/cara-e-coragem-250x140.jpg 250w, https:\/\/migracao.redenoticia.com.br\/noticia\/imagens\/cara-e-coragem-400x225.jpg 400w, https:\/\/migracao.redenoticia.com.br\/noticia\/imagens\/cara-e-coragem-768x432.jpg 768w, https:\/\/migracao.redenoticia.com.br\/noticia\/imagens\/cara-e-coragem-150x84.jpg 150w\" sizes=\"auto, (max-width: 1280px) 100vw, 1280px\" \/><\/p>\n<p><strong><em>Resumo da novela \u201cCara e Coragem\u201d<\/em><\/strong> em 26\/12: no cap\u00edtulo 181(*) da novela, \u00cdtalo acredita que R\u00f4mulo esteja ligado aos compradores da f\u00f3rmula de magn\u00e9sio e avisa a Pat que ela ter\u00e1 que ajud\u00e1-lo a descobrir. Ol\u00edvia tenta se aproximar de Nadir. Um paparazzo fotografa Enzo e Hugo se beijando. Alfredo observa Soss\u00f4 falando com Moa sobre Chiquinho e reage entristecido. Leonardo conta para Clarice e Martha que denunciou Regina e Danilo \u00e0 pol\u00edcia. <\/p>\n<p>Moa confessa a Milton que teme perder o amor de Pat. Hugo decide dar uma entrevista exclusiva para Soraia Reis. Pat aceita trabalhar com R\u00f4mulo, e os dois se beijam. Danilo e Regina desconfiam de que Margareth esteja sabotando o laborat\u00f3rio. Pat sugere que Joca se ofere\u00e7a para levar Lou at\u00e9 o altar. Paulo entrega uma intima\u00e7\u00e3o para Anita. Rico conversa com Teca sobre seu casamento com Lou. Joca pede para levar Lou at\u00e9 o altar. Moa v\u00ea Pat e R\u00f4mulo se beijando.<\/p>\n<p>(*) edi\u00e7\u00e3o das novelas da Globo, \u201cCara e Coragem\u201d, sujeito a altera\u00e7\u00e3o de data e conte\u00fado.<\/p>\n<p>Sinopse \u201cCara e Coragem\u201d: Os dubl\u00eas profissionais Pat e Moa ter\u00e3o seus caminhos tra\u00e7ados com o da empres\u00e1ria Clarice Gusm\u00e3o, diretora da Sider\u00fargica Gusm\u00e3o e inventora de uma f\u00f3rmula secreta milion\u00e1ria, que ser\u00e1 invejada por Leonardo, irm\u00e3o de Clarice, sua amante Regina, e Danilo, tamb\u00e9m empres\u00e1rio.<\/p>\n<p>Enquanto os dubl\u00eas se descobrir\u00e3o apaixonados um pelo outro, mesmo que eles n\u00e3o admitam, Clarice ter\u00e1 um caso com \u00cdtalo, um instrutor de parkur, al\u00e9m de outros segredos obscuros dentro da trama. Uma reviravolta em sua vida acontece ao descobrir a exist\u00eancia de Anita, uma s\u00f3sia sua, mas com uma personalidade totalmente oposta.<\/p>\n","protected":false},"excerpt":{"rendered":"<p>Resumo da novela \u201cCara e Coragem\u201d em 26\/12: no cap\u00edtulo 181(*) da novela, \u00cdtalo acredita que R\u00f4mulo esteja ligado aos compradores da f\u00f3rmula de magn\u00e9sio e avisa a Pat que ela ter\u00e1 que ajud\u00e1-lo a descobrir. Ol\u00edvia tenta se aproximar de Nadir. Um paparazzo fotografa Enzo e Hugo se beijando. Alfredo observa Soss\u00f4 falando com [&hellip;]<\/p>\n","protected":false},"author":4,"featured_media":220185,"comment_status":"closed","ping_status":"closed","sticky":false,"template":"","format":"standard","meta":{"tdm_status":"","tdm_grid_status":"","footnotes":""},"categories":[2281,379,375,2025,343],"tags":[441],"class_list":{"0":"post-227581","1":"post","2":"type-post","3":"status-publish","4":"format-standard","5":"has-post-thumbnail","7":"category-cara-e-coragem","8":"category-novelas","9":"category-rede-globo","10":"category-resumo","11":"category-televisao","12":"tag-resumo-do-dia"},"_links":{"self":[{"href":"https:\/\/migracao.redenoticia.com.br\/noticia\/wp-json\/wp\/v2\/posts\/227581","targetHints":{"allow":["GET"]}}],"collection":[{"href":"https:\/\/migracao.redenoticia.com.br\/noticia\/wp-json\/wp\/v2\/posts"}],"about":[{"href":"https:\/\/migracao.redenoticia.com.br\/noticia\/wp-json\/wp\/v2\/types\/post"}],"author":[{"embeddable":true,"href":"https:\/\/migracao.redenoticia.com.br\/noticia\/wp-json\/wp\/v2\/users\/4"}],"replies":[{"embeddable":true,"href":"https:\/\/migracao.redenoticia.com.br\/noticia\/wp-json\/wp\/v2\/comments?post=227581"}],"version-history":[{"count":0,"href":"https:\/\/migracao.redenoticia.com.br\/noticia\/wp-json\/wp\/v2\/posts\/227581\/revisions"}],"wp:featuredmedia":[{"embeddable":true,"href":"https:\/\/migracao.redenoticia.com.br\/noticia\/wp-json\/wp\/v2\/media\/220185"}],"wp:attachment":[{"href":"https:\/\/migracao.redenoticia.com.br\/noticia\/wp-json\/wp\/v2\/media?parent=227581"}],"wp:term":[{"taxonomy":"category","embeddable":true,"href":"https:\/\/migracao.redenoticia.com.br\/noticia\/wp-json\/wp\/v2\/categories?post=227581"},{"taxonomy":"post_tag","embeddable":true,"href":"https:\/\/migracao.redenoticia.com.br\/noticia\/wp-json\/wp\/v2\/tags?post=227581"}],"curies":[{"name":"wp","href":"https:\/\/api.w.org\/{rel}","templated":true}]}}