{"id":227711,"date":"2022-12-28T17:20:54","date_gmt":"2022-12-28T20:20:54","guid":{"rendered":"https:\/\/www.redenoticia.com.br\/noticia\/?p=227711"},"modified":"2022-12-28T17:20:54","modified_gmt":"2022-12-28T20:20:54","slug":"resumo-cara-e-coragem-29-12-danilo-expulsa-regina-de-sua-casa","status":"publish","type":"post","link":"https:\/\/migracao.redenoticia.com.br\/noticia\/2022\/resumo-cara-e-coragem-29-12-danilo-expulsa-regina-de-sua-casa\/227711","title":{"rendered":"Resumo \u201cCara e Coragem\u201d 29\/12: Danilo expulsa Regina de sua casa"},"content":{"rendered":"<p> <img loading=\"lazy\" decoding=\"async\" class=\"aligncenter size-full wp-image-220184\" src=\"https:\/\/migracao.redenoticia.com.br\/noticia\/imagens\/cara-e-coragem.jpg\" alt=\"\" width=\"1280\" height=\"720\" srcset=\"https:\/\/migracao.redenoticia.com.br\/noticia\/imagens\/cara-e-coragem.jpg 1280w, https:\/\/migracao.redenoticia.com.br\/noticia\/imagens\/cara-e-coragem-250x140.jpg 250w, https:\/\/migracao.redenoticia.com.br\/noticia\/imagens\/cara-e-coragem-400x225.jpg 400w, https:\/\/migracao.redenoticia.com.br\/noticia\/imagens\/cara-e-coragem-768x432.jpg 768w, https:\/\/migracao.redenoticia.com.br\/noticia\/imagens\/cara-e-coragem-150x84.jpg 150w\" sizes=\"auto, (max-width: 1280px) 100vw, 1280px\" \/><\/p>\n<p><strong><em>Resumo da novela \u201cCara e Coragem\u201d<\/em><\/strong> em 29\/12: no cap\u00edtulo 184(*) da novela, \u00cdsis e J\u00e9ssica entram para o grupo e denunciam Renan. \u00cdsis e J\u00e9ssica contam sobre seus relacionamentos com Renan. Regina e Danilo desmentem Anita e Leonardo e culpam os dois por seus crimes. Marcela fala para Paulo que indiciar\u00e1 Danilo, Regina e Leonardo pelo atentado contra Clarice, e Jarbas ouve. <\/p>\n<p>Danilo expulsa Regina de sua casa. \u00cdtalo avisa a Leonardo que ele ser\u00e1 indiciado. Regina \u00e9 demitida e se enfurece quando v\u00ea Clarice chegar \u00e0 SG. Kak\u00e1 pede permiss\u00e3o para Armandinho, a fim de investir em Cleide. Ol\u00edvia amea\u00e7a denunciar Renan se ele n\u00e3o se afastar de Lou. <\/p>\n<p>Moa ouve Pat dizer que deixar\u00e1 de ser dubl\u00ea, sem saber que \u00e9 uma combina\u00e7\u00e3o com \u00cdtalo. Regina volta para a casa de Dagmar. Gustavo encerra a parceria de neg\u00f3cios com Danilo. Sai o resultado do DNA que Alfredo fez com Soss\u00f4. Pat e Moa se beijam. <\/p>\n<p>(*) edi\u00e7\u00e3o das novelas da Globo, \u201cCara e Coragem\u201d, sujeito a altera\u00e7\u00e3o de data e conte\u00fado.<\/p>\n<p>Sinopse \u201cCara e Coragem\u201d: Os dubl\u00eas profissionais Pat e Moa ter\u00e3o seus caminhos tra\u00e7ados com o da empres\u00e1ria Clarice Gusm\u00e3o, diretora da Sider\u00fargica Gusm\u00e3o e inventora de uma f\u00f3rmula secreta milion\u00e1ria, que ser\u00e1 invejada por Leonardo, irm\u00e3o de Clarice, sua amante Regina, e Danilo, tamb\u00e9m empres\u00e1rio.<\/p>\n<p>Enquanto os dubl\u00eas se descobrir\u00e3o apaixonados um pelo outro, mesmo que eles n\u00e3o admitam, Clarice ter\u00e1 um caso com \u00cdtalo, um instrutor de parkur, al\u00e9m de outros segredos obscuros dentro da trama. Uma reviravolta em sua vida acontece ao descobrir a exist\u00eancia de Anita, uma s\u00f3sia sua, mas com uma personalidade totalmente oposta. <\/p>\n","protected":false},"excerpt":{"rendered":"<p>Resumo da novela \u201cCara e Coragem\u201d em 29\/12: no cap\u00edtulo 184(*) da novela, \u00cdsis e J\u00e9ssica entram para o grupo e denunciam Renan. \u00cdsis e J\u00e9ssica contam sobre seus relacionamentos com Renan. Regina e Danilo desmentem Anita e Leonardo e culpam os dois por seus crimes. Marcela fala para Paulo que indiciar\u00e1 Danilo, Regina e [&hellip;]<\/p>\n","protected":false},"author":3,"featured_media":220185,"comment_status":"closed","ping_status":"closed","sticky":false,"template":"","format":"standard","meta":{"tdm_status":"","tdm_grid_status":"","footnotes":""},"categories":[2281,379,375,2025,343],"tags":[441],"class_list":{"0":"post-227711","1":"post","2":"type-post","3":"status-publish","4":"format-standard","5":"has-post-thumbnail","7":"category-cara-e-coragem","8":"category-novelas","9":"category-rede-globo","10":"category-resumo","11":"category-televisao","12":"tag-resumo-do-dia"},"_links":{"self":[{"href":"https:\/\/migracao.redenoticia.com.br\/noticia\/wp-json\/wp\/v2\/posts\/227711","targetHints":{"allow":["GET"]}}],"collection":[{"href":"https:\/\/migracao.redenoticia.com.br\/noticia\/wp-json\/wp\/v2\/posts"}],"about":[{"href":"https:\/\/migracao.redenoticia.com.br\/noticia\/wp-json\/wp\/v2\/types\/post"}],"author":[{"embeddable":true,"href":"https:\/\/migracao.redenoticia.com.br\/noticia\/wp-json\/wp\/v2\/users\/3"}],"replies":[{"embeddable":true,"href":"https:\/\/migracao.redenoticia.com.br\/noticia\/wp-json\/wp\/v2\/comments?post=227711"}],"version-history":[{"count":0,"href":"https:\/\/migracao.redenoticia.com.br\/noticia\/wp-json\/wp\/v2\/posts\/227711\/revisions"}],"wp:featuredmedia":[{"embeddable":true,"href":"https:\/\/migracao.redenoticia.com.br\/noticia\/wp-json\/wp\/v2\/media\/220185"}],"wp:attachment":[{"href":"https:\/\/migracao.redenoticia.com.br\/noticia\/wp-json\/wp\/v2\/media?parent=227711"}],"wp:term":[{"taxonomy":"category","embeddable":true,"href":"https:\/\/migracao.redenoticia.com.br\/noticia\/wp-json\/wp\/v2\/categories?post=227711"},{"taxonomy":"post_tag","embeddable":true,"href":"https:\/\/migracao.redenoticia.com.br\/noticia\/wp-json\/wp\/v2\/tags?post=227711"}],"curies":[{"name":"wp","href":"https:\/\/api.w.org\/{rel}","templated":true}]}}