{"id":227749,"date":"2022-12-29T14:46:30","date_gmt":"2022-12-29T17:46:30","guid":{"rendered":"https:\/\/www.redenoticia.com.br\/noticia\/?p=227749"},"modified":"2022-12-29T14:46:30","modified_gmt":"2022-12-29T17:46:30","slug":"resumo-cara-e-coragem-30-12-regina-manuseia-a-arma-que-ganhou-de-alexei","status":"publish","type":"post","link":"https:\/\/migracao.redenoticia.com.br\/noticia\/2022\/resumo-cara-e-coragem-30-12-regina-manuseia-a-arma-que-ganhou-de-alexei\/227749","title":{"rendered":"Resumo \u201cCara e Coragem\u201d 30\/12: Regina manuseia a arma que ganhou de Alexei"},"content":{"rendered":"<p> <img loading=\"lazy\" decoding=\"async\" class=\"aligncenter size-full wp-image-220184\" src=\"https:\/\/migracao.redenoticia.com.br\/noticia\/imagens\/cara-e-coragem.jpg\" alt=\"\" width=\"1280\" height=\"720\" srcset=\"https:\/\/migracao.redenoticia.com.br\/noticia\/imagens\/cara-e-coragem.jpg 1280w, https:\/\/migracao.redenoticia.com.br\/noticia\/imagens\/cara-e-coragem-250x140.jpg 250w, https:\/\/migracao.redenoticia.com.br\/noticia\/imagens\/cara-e-coragem-400x225.jpg 400w, https:\/\/migracao.redenoticia.com.br\/noticia\/imagens\/cara-e-coragem-768x432.jpg 768w, https:\/\/migracao.redenoticia.com.br\/noticia\/imagens\/cara-e-coragem-150x84.jpg 150w\" sizes=\"auto, (max-width: 1280px) 100vw, 1280px\" \/><\/p>\n<p><strong><em>Resumo da novela \u201cCara e Coragem\u201d<\/em><\/strong> em 30\/12: no cap\u00edtulo 185(*) da novela, Pat mente para manter Moa afastado e seguir com o plano de \u00cdtalo. \u00cdtalo entrega a Marcela provas contra Danilo. Pat convence R\u00f4mulo a fazer uma festa em sua casa para a promo\u00e7\u00e3o de sua nova carreira. Paulo e Fernanda se beijam. Moa confessa a Milton que teme pela seguran\u00e7a de Pat ao se relacionar com R\u00f4mulo. <\/p>\n<p>Hugo e Enzo v\u00e3o encontrar Armandinho e Luana e s\u00e3o hostilizados por um grupo de homens no bar. Moa procura Clarice e Leonardo para tentar descobrir informa\u00e7\u00f5es sobre a alian\u00e7a de R\u00f4mulo e Danilo. Alfredo leva o exame de DNA para Pat e confirma que Moa \u00e9 o pai biol\u00f3gico de Soss\u00f4. Rebeca mostra, com estranhamento, para Moa a carteira Arrais de Danilo, que \u00e9 uma autoriza\u00e7\u00e3o para pilotar embarca\u00e7\u00f5es de pequeno porte. Regina manuseia a arma que ganhou de Alexei. <\/p>\n<p>(*) edi\u00e7\u00e3o das novelas da Globo, \u201cCara e Coragem\u201d, sujeito a altera\u00e7\u00e3o de data e conte\u00fado.<\/p>\n<p>Sinopse \u201cCara e Coragem\u201d: Os dubl\u00eas profissionais Pat e Moa ter\u00e3o seus caminhos tra\u00e7ados com o da empres\u00e1ria Clarice Gusm\u00e3o, diretora da Sider\u00fargica Gusm\u00e3o e inventora de uma f\u00f3rmula secreta milion\u00e1ria, que ser\u00e1 invejada por Leonardo, irm\u00e3o de Clarice, sua amante Regina, e Danilo, tamb\u00e9m empres\u00e1rio.<\/p>\n<p>Enquanto os dubl\u00eas se descobrir\u00e3o apaixonados um pelo outro, mesmo que eles n\u00e3o admitam, Clarice ter\u00e1 um caso com \u00cdtalo, um instrutor de parkur, al\u00e9m de outros segredos obscuros dentro da trama. Uma reviravolta em sua vida acontece ao descobrir a exist\u00eancia de Anita, uma s\u00f3sia sua, mas com uma personalidade totalmente oposta.<\/p>\n","protected":false},"excerpt":{"rendered":"<p>Resumo da novela \u201cCara e Coragem\u201d em 30\/12: no cap\u00edtulo 185(*) da novela, Pat mente para manter Moa afastado e seguir com o plano de \u00cdtalo. \u00cdtalo entrega a Marcela provas contra Danilo. Pat convence R\u00f4mulo a fazer uma festa em sua casa para a promo\u00e7\u00e3o de sua nova carreira. Paulo e Fernanda se beijam. [&hellip;]<\/p>\n","protected":false},"author":3,"featured_media":220185,"comment_status":"closed","ping_status":"closed","sticky":false,"template":"","format":"standard","meta":{"tdm_status":"","tdm_grid_status":"","footnotes":""},"categories":[2281,379,375,2025,343],"tags":[441],"class_list":{"0":"post-227749","1":"post","2":"type-post","3":"status-publish","4":"format-standard","5":"has-post-thumbnail","7":"category-cara-e-coragem","8":"category-novelas","9":"category-rede-globo","10":"category-resumo","11":"category-televisao","12":"tag-resumo-do-dia"},"_links":{"self":[{"href":"https:\/\/migracao.redenoticia.com.br\/noticia\/wp-json\/wp\/v2\/posts\/227749","targetHints":{"allow":["GET"]}}],"collection":[{"href":"https:\/\/migracao.redenoticia.com.br\/noticia\/wp-json\/wp\/v2\/posts"}],"about":[{"href":"https:\/\/migracao.redenoticia.com.br\/noticia\/wp-json\/wp\/v2\/types\/post"}],"author":[{"embeddable":true,"href":"https:\/\/migracao.redenoticia.com.br\/noticia\/wp-json\/wp\/v2\/users\/3"}],"replies":[{"embeddable":true,"href":"https:\/\/migracao.redenoticia.com.br\/noticia\/wp-json\/wp\/v2\/comments?post=227749"}],"version-history":[{"count":0,"href":"https:\/\/migracao.redenoticia.com.br\/noticia\/wp-json\/wp\/v2\/posts\/227749\/revisions"}],"wp:featuredmedia":[{"embeddable":true,"href":"https:\/\/migracao.redenoticia.com.br\/noticia\/wp-json\/wp\/v2\/media\/220185"}],"wp:attachment":[{"href":"https:\/\/migracao.redenoticia.com.br\/noticia\/wp-json\/wp\/v2\/media?parent=227749"}],"wp:term":[{"taxonomy":"category","embeddable":true,"href":"https:\/\/migracao.redenoticia.com.br\/noticia\/wp-json\/wp\/v2\/categories?post=227749"},{"taxonomy":"post_tag","embeddable":true,"href":"https:\/\/migracao.redenoticia.com.br\/noticia\/wp-json\/wp\/v2\/tags?post=227749"}],"curies":[{"name":"wp","href":"https:\/\/api.w.org\/{rel}","templated":true}]}}