{"id":227781,"date":"2022-12-30T20:12:25","date_gmt":"2022-12-30T23:12:25","guid":{"rendered":"https:\/\/www.redenoticia.com.br\/noticia\/?p=227781"},"modified":"2022-12-30T20:12:12","modified_gmt":"2022-12-30T23:12:12","slug":"resumo-cara-e-coragem-31-12-alfredo-afirma-que-continuara-sendo-pai-de-sosso","status":"publish","type":"post","link":"https:\/\/migracao.redenoticia.com.br\/noticia\/2022\/resumo-cara-e-coragem-31-12-alfredo-afirma-que-continuara-sendo-pai-de-sosso\/227781","title":{"rendered":"Resumo \u201cCara e Coragem\u201d 31\/12: \u00cdtalo instala microfone na casa de R\u00f4mulo"},"content":{"rendered":"<p> <img loading=\"lazy\" decoding=\"async\" class=\"aligncenter size-full wp-image-220184\" src=\"https:\/\/migracao.redenoticia.com.br\/noticia\/imagens\/cara-e-coragem.jpg\" alt=\"\" width=\"1280\" height=\"720\" srcset=\"https:\/\/migracao.redenoticia.com.br\/noticia\/imagens\/cara-e-coragem.jpg 1280w, https:\/\/migracao.redenoticia.com.br\/noticia\/imagens\/cara-e-coragem-250x140.jpg 250w, https:\/\/migracao.redenoticia.com.br\/noticia\/imagens\/cara-e-coragem-400x225.jpg 400w, https:\/\/migracao.redenoticia.com.br\/noticia\/imagens\/cara-e-coragem-768x432.jpg 768w, https:\/\/migracao.redenoticia.com.br\/noticia\/imagens\/cara-e-coragem-150x84.jpg 150w\" sizes=\"auto, (max-width: 1280px) 100vw, 1280px\" \/><\/p>\n<p><strong><em>Resumo da novela \u201cCara e Coragem\u201d<\/em><\/strong> em 31\/12: no cap\u00edtulo 186(*) da novela, Alfredo leva o exame de DNA para Pat e confirma que Moa \u00e9 o pai biol\u00f3gico de Soss\u00f4. Alfredo afirma que continuar\u00e1 sendo pai de Soss\u00f4. Rebeca questiona Danilo sobre a renova\u00e7\u00e3o da carteira Arrais. Rico e Lou voltam de viagem. <\/p>\n<p>Marcela se incomoda ao ver Paulo feliz por causa de Fernanda. Um rapaz aborda Enzo na rua e agradece pela entrevista que Hugo deu \u00e0 imprensa. Lou estranha o comportamento de Pat na casa de R\u00f4mulo durante a festa. Moa investiga, com a ajuda de Rico, se Danilo j\u00e1 usou a carteira Arrais. \u00cdtalo consegue instalar o microfone na casa de R\u00f4mulo. <\/p>\n<p>Joca come\u00e7a a trabalhar no brech\u00f3 de Dalva. Rico e Moa descobrem o barco de Danilo na Marina e contam \u00e0 pol\u00edcia. Pat assina contrato de exclusividade com a empresa de R\u00f4mulo e troca olhares com \u00cdtalo. Andr\u00e9a encontra Duarte. Moa e Rico convencem Marcela a investigar o barco de Danilo. Pat conversa com Moa sobre Soss\u00f4.<\/p>\n<p>(*) edi\u00e7\u00e3o das novelas da Globo, \u201cCara e Coragem\u201d, sujeito a altera\u00e7\u00e3o de data e conte\u00fado.<\/p>\n<p>Sinopse \u201cCara e Coragem\u201d: Os dubl\u00eas profissionais Pat e Moa ter\u00e3o seus caminhos tra\u00e7ados com o da empres\u00e1ria Clarice Gusm\u00e3o, diretora da Sider\u00fargica Gusm\u00e3o e inventora de uma f\u00f3rmula secreta milion\u00e1ria, que ser\u00e1 invejada por Leonardo, irm\u00e3o de Clarice, sua amante Regina, e Danilo, tamb\u00e9m empres\u00e1rio.<\/p>\n<p>Enquanto os dubl\u00eas se descobrir\u00e3o apaixonados um pelo outro, mesmo que eles n\u00e3o admitam, Clarice ter\u00e1 um caso com \u00cdtalo, um instrutor de parkur, al\u00e9m de outros segredos obscuros dentro da trama. Uma reviravolta em sua vida acontece ao descobrir a exist\u00eancia de Anita, uma s\u00f3sia sua, mas com uma personalidade totalmente oposta.<\/p>\n","protected":false},"excerpt":{"rendered":"<p>Resumo da novela \u201cCara e Coragem\u201d em 31\/12: no cap\u00edtulo 186(*) da novela, Alfredo leva o exame de DNA para Pat e confirma que Moa \u00e9 o pai biol\u00f3gico de Soss\u00f4. Alfredo afirma que continuar\u00e1 sendo pai de Soss\u00f4. Rebeca questiona Danilo sobre a renova\u00e7\u00e3o da carteira Arrais. Rico e Lou voltam de viagem. Marcela [&hellip;]<\/p>\n","protected":false},"author":3,"featured_media":220185,"comment_status":"closed","ping_status":"closed","sticky":false,"template":"","format":"standard","meta":{"tdm_status":"","tdm_grid_status":"","footnotes":""},"categories":[2281,379,375,2025,343],"tags":[441],"class_list":{"0":"post-227781","1":"post","2":"type-post","3":"status-publish","4":"format-standard","5":"has-post-thumbnail","7":"category-cara-e-coragem","8":"category-novelas","9":"category-rede-globo","10":"category-resumo","11":"category-televisao","12":"tag-resumo-do-dia"},"_links":{"self":[{"href":"https:\/\/migracao.redenoticia.com.br\/noticia\/wp-json\/wp\/v2\/posts\/227781","targetHints":{"allow":["GET"]}}],"collection":[{"href":"https:\/\/migracao.redenoticia.com.br\/noticia\/wp-json\/wp\/v2\/posts"}],"about":[{"href":"https:\/\/migracao.redenoticia.com.br\/noticia\/wp-json\/wp\/v2\/types\/post"}],"author":[{"embeddable":true,"href":"https:\/\/migracao.redenoticia.com.br\/noticia\/wp-json\/wp\/v2\/users\/3"}],"replies":[{"embeddable":true,"href":"https:\/\/migracao.redenoticia.com.br\/noticia\/wp-json\/wp\/v2\/comments?post=227781"}],"version-history":[{"count":0,"href":"https:\/\/migracao.redenoticia.com.br\/noticia\/wp-json\/wp\/v2\/posts\/227781\/revisions"}],"wp:featuredmedia":[{"embeddable":true,"href":"https:\/\/migracao.redenoticia.com.br\/noticia\/wp-json\/wp\/v2\/media\/220185"}],"wp:attachment":[{"href":"https:\/\/migracao.redenoticia.com.br\/noticia\/wp-json\/wp\/v2\/media?parent=227781"}],"wp:term":[{"taxonomy":"category","embeddable":true,"href":"https:\/\/migracao.redenoticia.com.br\/noticia\/wp-json\/wp\/v2\/categories?post=227781"},{"taxonomy":"post_tag","embeddable":true,"href":"https:\/\/migracao.redenoticia.com.br\/noticia\/wp-json\/wp\/v2\/tags?post=227781"}],"curies":[{"name":"wp","href":"https:\/\/api.w.org\/{rel}","templated":true}]}}