{"id":227811,"date":"2023-01-01T17:52:42","date_gmt":"2023-01-01T20:52:42","guid":{"rendered":"https:\/\/www.redenoticia.com.br\/noticia\/?p=227811"},"modified":"2023-01-01T17:55:14","modified_gmt":"2023-01-01T20:55:14","slug":"resumo-cara-e-coragem-02-01-marcela-e-paulo-vao-a-sg-prender-danilo","status":"publish","type":"post","link":"https:\/\/migracao.redenoticia.com.br\/noticia\/2023\/resumo-cara-e-coragem-02-01-marcela-e-paulo-vao-a-sg-prender-danilo\/227811","title":{"rendered":"Resumo \u201cCara e Coragem\u201d 02\/01: Marcela e Paulo v\u00e3o \u00e0 SG prender Danilo"},"content":{"rendered":"<p> <img loading=\"lazy\" decoding=\"async\" class=\"aligncenter size-full wp-image-220184\" src=\"https:\/\/migracao.redenoticia.com.br\/noticia\/imagens\/cara-e-coragem.jpg\" alt=\"\" width=\"1280\" height=\"720\" srcset=\"https:\/\/migracao.redenoticia.com.br\/noticia\/imagens\/cara-e-coragem.jpg 1280w, https:\/\/migracao.redenoticia.com.br\/noticia\/imagens\/cara-e-coragem-250x140.jpg 250w, https:\/\/migracao.redenoticia.com.br\/noticia\/imagens\/cara-e-coragem-400x225.jpg 400w, https:\/\/migracao.redenoticia.com.br\/noticia\/imagens\/cara-e-coragem-768x432.jpg 768w, https:\/\/migracao.redenoticia.com.br\/noticia\/imagens\/cara-e-coragem-150x84.jpg 150w\" sizes=\"auto, (max-width: 1280px) 100vw, 1280px\" \/><\/p>\n<p><strong><em>Resumo da novela \u201cCara e Coragem\u201d<\/em><\/strong> em 02\/01: no cap\u00edtulo 187(*) da novela, Moa demora a compreender que Soss\u00f4 \u00e9 sua filha. Marcela se entristece ao saber que Paulo est\u00e1 se envolvendo com Fernanda. Hugo critica Andr\u00e9a por n\u00e3o aceitar o amor de Duarte. J\u00e9ssica incentiva Duarte a ir atr\u00e1s de Andr\u00e9a. Marcela e Paulo se preparam para invadir o barco de Danilo. Moa conta para Milton sobre Soss\u00f4. Marcela e Paulo prendem Berimbau. <\/p>\n<p>Rebeca descobre por Andr\u00e9a que sua poss\u00edvel m\u00e3e biol\u00f3gica fez o exame de DNA. Dagmar conta para Martha a hist\u00f3ria sobre a filha que teve que deixar em um abrigo. Berimbau denuncia Danilo em seu depoimento para Marcela e Paulo. \u00cdtalo ouve parte de uma conversa entre R\u00f4mulo e Danilo com a escuta que colocou na mans\u00e3o. Jonathan avisa a Clarice que voltar\u00e1 para o Brasil. Marcela e Paulo v\u00e3o \u00e0 SG prender Danilo, e Jarbas alerta \u00cdtalo. Clarice procura Danilo. Marcela e sua equipe chegam \u00e0 SG. Moa e Alfredo se encontram. <\/p>\n<p>(*) edi\u00e7\u00e3o das novelas da Globo, \u201cCara e Coragem\u201d, sujeito a altera\u00e7\u00e3o de data e conte\u00fado.<\/p>\n<p>Sinopse \u201cCara e Coragem\u201d: Os dubl\u00eas profissionais Pat e Moa ter\u00e3o seus caminhos tra\u00e7ados com o da empres\u00e1ria Clarice Gusm\u00e3o, diretora da Sider\u00fargica Gusm\u00e3o e inventora de uma f\u00f3rmula secreta milion\u00e1ria, que ser\u00e1 invejada por Leonardo, irm\u00e3o de Clarice, sua amante Regina, e Danilo, tamb\u00e9m empres\u00e1rio.<\/p>\n<p>Enquanto os dubl\u00eas se descobrir\u00e3o apaixonados um pelo outro, mesmo que eles n\u00e3o admitam, Clarice ter\u00e1 um caso com \u00cdtalo, um instrutor de parkur, al\u00e9m de outros segredos obscuros dentro da trama. Uma reviravolta em sua vida acontece ao descobrir a exist\u00eancia de Anita, uma s\u00f3sia sua, mas com uma personalidade totalmente oposta.<\/p>\n","protected":false},"excerpt":{"rendered":"<p>Resumo da novela \u201cCara e Coragem\u201d em 02\/01: no cap\u00edtulo 187(*) da novela, Moa demora a compreender que Soss\u00f4 \u00e9 sua filha. Marcela se entristece ao saber que Paulo est\u00e1 se envolvendo com Fernanda. Hugo critica Andr\u00e9a por n\u00e3o aceitar o amor de Duarte. J\u00e9ssica incentiva Duarte a ir atr\u00e1s de Andr\u00e9a. Marcela e Paulo [&hellip;]<\/p>\n","protected":false},"author":4,"featured_media":220185,"comment_status":"closed","ping_status":"closed","sticky":false,"template":"","format":"standard","meta":{"tdm_status":"","tdm_grid_status":"","footnotes":""},"categories":[2281,379,375,2025,343],"tags":[441],"class_list":{"0":"post-227811","1":"post","2":"type-post","3":"status-publish","4":"format-standard","5":"has-post-thumbnail","7":"category-cara-e-coragem","8":"category-novelas","9":"category-rede-globo","10":"category-resumo","11":"category-televisao","12":"tag-resumo-do-dia"},"_links":{"self":[{"href":"https:\/\/migracao.redenoticia.com.br\/noticia\/wp-json\/wp\/v2\/posts\/227811","targetHints":{"allow":["GET"]}}],"collection":[{"href":"https:\/\/migracao.redenoticia.com.br\/noticia\/wp-json\/wp\/v2\/posts"}],"about":[{"href":"https:\/\/migracao.redenoticia.com.br\/noticia\/wp-json\/wp\/v2\/types\/post"}],"author":[{"embeddable":true,"href":"https:\/\/migracao.redenoticia.com.br\/noticia\/wp-json\/wp\/v2\/users\/4"}],"replies":[{"embeddable":true,"href":"https:\/\/migracao.redenoticia.com.br\/noticia\/wp-json\/wp\/v2\/comments?post=227811"}],"version-history":[{"count":0,"href":"https:\/\/migracao.redenoticia.com.br\/noticia\/wp-json\/wp\/v2\/posts\/227811\/revisions"}],"wp:featuredmedia":[{"embeddable":true,"href":"https:\/\/migracao.redenoticia.com.br\/noticia\/wp-json\/wp\/v2\/media\/220185"}],"wp:attachment":[{"href":"https:\/\/migracao.redenoticia.com.br\/noticia\/wp-json\/wp\/v2\/media?parent=227811"}],"wp:term":[{"taxonomy":"category","embeddable":true,"href":"https:\/\/migracao.redenoticia.com.br\/noticia\/wp-json\/wp\/v2\/categories?post=227811"},{"taxonomy":"post_tag","embeddable":true,"href":"https:\/\/migracao.redenoticia.com.br\/noticia\/wp-json\/wp\/v2\/tags?post=227811"}],"curies":[{"name":"wp","href":"https:\/\/api.w.org\/{rel}","templated":true}]}}