{"id":227825,"date":"2022-12-31T17:13:31","date_gmt":"2022-12-31T20:13:31","guid":{"rendered":"https:\/\/www.redenoticia.com.br\/noticia\/2022\/dia-de-sorte-resultado-do-concurso-701-sorteado-sabado-31-12-2022\/227825"},"modified":"2023-01-01T10:55:22","modified_gmt":"2023-01-01T13:55:22","slug":"dia-de-sorte-resultado-do-concurso-701-sorteado-sabado-31-12-2022","status":"publish","type":"post","link":"https:\/\/migracao.redenoticia.com.br\/noticia\/2022\/dia-de-sorte-resultado-do-concurso-701-sorteado-sabado-31-12-2022\/227825","title":{"rendered":"Dia de Sorte: Resultado do concurso 701 sorteado  S\u00e1bado 31\/12\/2022"},"content":{"rendered":"<p>Resultado do Dia de Sorte, concurso 701, realizado no  S\u00e1bado, dia 31\/12\/2022, no Espa\u00e7o da Sorte, na cidade de S\u00e3o Paulo: <\/p>\n<h2>N\u00fameros Sorteados Dia de Sorte 701<\/h2>\n<div style =\"font-size: 1.3em;margin-bottom:20px;\"><b><span class=\"numberCircleDiaDeSorte\">01<\/span><\/td>\n<p> <span class=\"numberCircleDiaDeSorte\">02<\/span><\/td>\n<p> <span class=\"numberCircleDiaDeSorte\">04<\/span><\/td>\n<p> <span class=\"numberCircleDiaDeSorte\">07<\/span><\/td>\n<p> <span class=\"numberCircleDiaDeSorte\">13<\/span><\/td>\n<p> <span class=\"numberCircleDiaDeSorte\">23<\/span><\/td>\n<p> <span class=\"numberCircleDiaDeSorte\">26<\/span><\/td>\n<p>M\u00eas da Sorte: Abril<\/b> <\/div>\n<h2>Premia\u00e7\u00e3o Dia de Sorte 701<\/h2>\n<table>\n<tr>\n<th>Acertos<\/th>\n<th>Ganhad.<\/th>\n<th>Pr\u00eamio<\/th>\n<\/tr>\n<tr>\n<td>  7  <\/td>\n<td>0<\/td>\n<td>0,00<\/td>\n<\/tr>\n<tr>\n<td>  6 <\/td>\n<td>40<\/td>\n<td>1.681,36<\/td>\n<\/tr>\n<tr>\n<td>  5 <\/td>\n<td>1.335<\/td>\n<td>20,00<\/td>\n<\/tr>\n<tr>\n<td>  4 <\/td>\n<td>16.884<\/td>\n<td>4,00<\/td>\n<\/tr>\n<tr>\n<td>  M\u00eas da Sorte <\/td>\n<td>47.943<\/td>\n<td>2,00<\/td>\n<\/tr>\n<\/table>\n<h2>Total de Apostas realizadas<\/h2>\n<p>No concurso 701 do Dia de Sorte foi realizado um total de 588.673 apostas.<\/p>\n<h2>Pr\u00f3ximo Sorteio da Dia de Sorte <\/h2>\n<p>O pr\u00f3ximo sorteio ser\u00e1 realizado Ter\u00e7a-feira 03\/01\/2023, no Espa\u00e7o da Sorte, na cidade de S\u00e3o Paulo. O pr\u00eamio previsto \u00e9 de R$ 300.000,00.<\/p>\n<h3>\u00daltimos Resultados do Dia de Sorte<\/h3>\n<p><lu><\/p>\n<li><a href=\"https:\/\/migracao.redenoticia.com.br\/noticia\/2022\/dia-de-sorte-resultado-do-concurso-701-sorteado-sabado-31-12-2022\/227825\">Dia de Sorte 701<\/a><\/li>\n<li><a href=\"https:\/\/migracao.redenoticia.com.br\/noticia\/2022\/dia-de-sorte-resultado-do-concurso-700-sorteado-quinta-feira-29-12-2022\/227757\">Dia de Sorte 700<\/a><\/li>\n<li><a href=\"https:\/\/migracao.redenoticia.com.br\/noticia\/2022\/dia-de-sorte-resultado-do-concurso-699-sorteado-terca-feira-27-12-2022\/227673\">Dia de Sorte 699<\/a><\/li>\n<li><a href=\"https:\/\/migracao.redenoticia.com.br\/noticia\/2022\/dia-de-sorte-resultado-do-concurso-698-sorteado-sabado-24-12-2022\/227577\">Dia de Sorte 698<\/a><\/li>\n<li><a href=\"https:\/\/migracao.redenoticia.com.br\/noticia\/2022\/dia-de-sorte-resultado-do-concurso-697-sorteado-quinta-feira-22-12-2022\/227515\">Dia de Sorte 697<\/a><\/li>\n<p><\/lu><\/p>\n","protected":false},"excerpt":{"rendered":"<p>Dia de Sorte 701 &#8211; Resultado, rateio e ganhadores do Dia de Sorte 701 sorteado em 31\/12\/2022.<\/p>\n","protected":false},"author":5,"featured_media":196327,"comment_status":"closed","ping_status":"","sticky":false,"template":"","format":"standard","meta":{"tdm_status":"","tdm_grid_status":"","footnotes":""},"categories":[478,335],"tags":[],"class_list":{"0":"post-227825","1":"post","2":"type-post","3":"status-publish","4":"format-standard","5":"has-post-thumbnail","7":"category-dia-de-sorte","8":"category-loteria"},"_links":{"self":[{"href":"https:\/\/migracao.redenoticia.com.br\/noticia\/wp-json\/wp\/v2\/posts\/227825","targetHints":{"allow":["GET"]}}],"collection":[{"href":"https:\/\/migracao.redenoticia.com.br\/noticia\/wp-json\/wp\/v2\/posts"}],"about":[{"href":"https:\/\/migracao.redenoticia.com.br\/noticia\/wp-json\/wp\/v2\/types\/post"}],"author":[{"embeddable":true,"href":"https:\/\/migracao.redenoticia.com.br\/noticia\/wp-json\/wp\/v2\/users\/5"}],"replies":[{"embeddable":true,"href":"https:\/\/migracao.redenoticia.com.br\/noticia\/wp-json\/wp\/v2\/comments?post=227825"}],"version-history":[{"count":0,"href":"https:\/\/migracao.redenoticia.com.br\/noticia\/wp-json\/wp\/v2\/posts\/227825\/revisions"}],"wp:featuredmedia":[{"embeddable":true,"href":"https:\/\/migracao.redenoticia.com.br\/noticia\/wp-json\/wp\/v2\/media\/196327"}],"wp:attachment":[{"href":"https:\/\/migracao.redenoticia.com.br\/noticia\/wp-json\/wp\/v2\/media?parent=227825"}],"wp:term":[{"taxonomy":"category","embeddable":true,"href":"https:\/\/migracao.redenoticia.com.br\/noticia\/wp-json\/wp\/v2\/categories?post=227825"},{"taxonomy":"post_tag","embeddable":true,"href":"https:\/\/migracao.redenoticia.com.br\/noticia\/wp-json\/wp\/v2\/tags?post=227825"}],"curies":[{"name":"wp","href":"https:\/\/api.w.org\/{rel}","templated":true}]}}