{"id":227943,"date":"2023-01-04T12:55:30","date_gmt":"2023-01-04T15:55:30","guid":{"rendered":"https:\/\/www.redenoticia.com.br\/noticia\/?p=227943"},"modified":"2023-01-04T12:55:30","modified_gmt":"2023-01-04T15:55:30","slug":"resumo-poliana-moca-05-01-roger-invade-o-apartamento-de-gloria","status":"publish","type":"post","link":"https:\/\/migracao.redenoticia.com.br\/noticia\/2023\/resumo-poliana-moca-05-01-roger-invade-o-apartamento-de-gloria\/227943","title":{"rendered":"Resumo \u201cPoliana Mo\u00e7a\u201d 05\/01: Roger invade o apartamento de Gl\u00f3ria"},"content":{"rendered":"<p> <img loading=\"lazy\" decoding=\"async\" class=\"aligncenter size-full wp-image-217353\" src=\"https:\/\/migracao.redenoticia.com.br\/noticia\/imagens\/poliana_moca_elenco.jpg\" alt=\"\" width=\"1280\" height=\"720\" srcset=\"https:\/\/migracao.redenoticia.com.br\/noticia\/imagens\/poliana_moca_elenco.jpg 1280w, https:\/\/migracao.redenoticia.com.br\/noticia\/imagens\/poliana_moca_elenco-250x140.jpg 250w, https:\/\/migracao.redenoticia.com.br\/noticia\/imagens\/poliana_moca_elenco-400x225.jpg 400w, https:\/\/migracao.redenoticia.com.br\/noticia\/imagens\/poliana_moca_elenco-768x432.jpg 768w, https:\/\/migracao.redenoticia.com.br\/noticia\/imagens\/poliana_moca_elenco-150x84.jpg 150w\" sizes=\"auto, (max-width: 1280px) 100vw, 1280px\" \/><\/p>\n<p><strong><em>Resumo da novela \u201cPoliana Mo\u00e7a\u201d<\/em><\/strong> em 05\/01: no cap\u00edtulo 209(*) da novela, T\u00e2nia come\u00e7a a vigiar Poliana na porta da escola. Valdin\u00e9ia cobra mais dinheiro de Cobra. Pin\u00f3quio se veste de fantasma e assusta as crian\u00e7as do \u2018Yupechlo\u2019. Luca recebe mensagem de T\u00e2nia amea\u00e7ando acabar com ele se o jovem sair do neg\u00f3cio. Roger invade o apartamento de Gl\u00f3ria atr\u00e1s do dinheiro no cofre e v\u00ea a m\u00e3e e com o irm\u00e3o.<\/p>\n<p>Otto pede para Roger entregar os crimes de T\u00e2nia. Poliana e Pin\u00f3quio contam toda hist\u00f3ria do androide para Jo\u00e3o. Roger diz que vai ajudar a fam\u00edlia, mas os distrai para roub\u00e1-los. Pin\u00f3quio escuta Poliana dizer que Otto quer deslig\u00e1-lo. T\u00e2nia escuta Roger confessar que quase a entregou e o amea\u00e7a. Roger convida Luca para destru\u00edrem Cobra.<\/p>\n<p>(*) edi\u00e7\u00e3o das novelas do SBT, \u201cPoliana Mo\u00e7a\u201d, sujeito a altera\u00e7\u00e3o de data e conte\u00fado.<\/p>\n<p>Sinopse \u201cPoliana Mo\u00e7a\u201d: Poliana (Sophia Valverde), agora com 15 anos, precisa enfrentar os dilemas t\u00edpicos da adolesc\u00eancia, como os dramas escolares, os planos para o futuro e a descoberta do amor entre o ex-valent\u00e3o Eric (Lucas Burgatti) e seu melhor amigo Jo\u00e3o (Igor Jansen), encontrando em Helena (Lu\u00edsa Bresser) uma rival no cora\u00e7\u00e3o dos dois.<\/p>\n","protected":false},"excerpt":{"rendered":"<p>Resumo da novela \u201cPoliana Mo\u00e7a\u201d em 05\/01: no cap\u00edtulo 209(*) da novela, T\u00e2nia come\u00e7a a vigiar Poliana na porta da escola. Valdin\u00e9ia cobra mais dinheiro de Cobra. Pin\u00f3quio se veste de fantasma e assusta as crian\u00e7as do \u2018Yupechlo\u2019. Luca recebe mensagem de T\u00e2nia amea\u00e7ando acabar com ele se o jovem sair do neg\u00f3cio. Roger invade [&hellip;]<\/p>\n","protected":false},"author":2,"featured_media":217354,"comment_status":"closed","ping_status":"closed","sticky":false,"template":"","format":"standard","meta":{"tdm_status":"","tdm_grid_status":"","footnotes":""},"categories":[379,2259,2025,372,343],"tags":[441],"class_list":{"0":"post-227943","1":"post","2":"type-post","3":"status-publish","4":"format-standard","5":"has-post-thumbnail","7":"category-novelas","8":"category-poliana-moca","9":"category-resumo","10":"category-sbt","11":"category-televisao","12":"tag-resumo-do-dia"},"_links":{"self":[{"href":"https:\/\/migracao.redenoticia.com.br\/noticia\/wp-json\/wp\/v2\/posts\/227943","targetHints":{"allow":["GET"]}}],"collection":[{"href":"https:\/\/migracao.redenoticia.com.br\/noticia\/wp-json\/wp\/v2\/posts"}],"about":[{"href":"https:\/\/migracao.redenoticia.com.br\/noticia\/wp-json\/wp\/v2\/types\/post"}],"author":[{"embeddable":true,"href":"https:\/\/migracao.redenoticia.com.br\/noticia\/wp-json\/wp\/v2\/users\/2"}],"replies":[{"embeddable":true,"href":"https:\/\/migracao.redenoticia.com.br\/noticia\/wp-json\/wp\/v2\/comments?post=227943"}],"version-history":[{"count":0,"href":"https:\/\/migracao.redenoticia.com.br\/noticia\/wp-json\/wp\/v2\/posts\/227943\/revisions"}],"wp:featuredmedia":[{"embeddable":true,"href":"https:\/\/migracao.redenoticia.com.br\/noticia\/wp-json\/wp\/v2\/media\/217354"}],"wp:attachment":[{"href":"https:\/\/migracao.redenoticia.com.br\/noticia\/wp-json\/wp\/v2\/media?parent=227943"}],"wp:term":[{"taxonomy":"category","embeddable":true,"href":"https:\/\/migracao.redenoticia.com.br\/noticia\/wp-json\/wp\/v2\/categories?post=227943"},{"taxonomy":"post_tag","embeddable":true,"href":"https:\/\/migracao.redenoticia.com.br\/noticia\/wp-json\/wp\/v2\/tags?post=227943"}],"curies":[{"name":"wp","href":"https:\/\/api.w.org\/{rel}","templated":true}]}}