{"id":22796,"date":"2010-02-01T13:08:38","date_gmt":"2010-02-01T17:08:38","guid":{"rendered":"http:\/\/www.redenoticia.com.br\/noticia\/?p=22796"},"modified":"2018-08-13T10:50:55","modified_gmt":"2018-08-13T13:50:55","slug":"discussao-rachou-o-grupo-do-puxadinho-no-bbb10","status":"publish","type":"post","link":"https:\/\/migracao.redenoticia.com.br\/noticia\/2010\/discussao-rachou-o-grupo-do-puxadinho-no-bbb10\/22796","title":{"rendered":"Discuss\u00e3o rachou o grupo do puxadinho no BBB10"},"content":{"rendered":"<p><strong><em><img loading=\"lazy\" decoding=\"async\" class=\"alignleft size-full wp-image-22134\" title=\"BBB 10 Rede Globo\" src=\"https:\/\/migracao.redenoticia.com.br\/noticia\/imagens\/BBB-10-Rede-Globo.jpg\" alt=\"\" width=\"300\" height=\"193\" srcset=\"https:\/\/migracao.redenoticia.com.br\/noticia\/imagens\/BBB-10-Rede-Globo.jpg 300w, https:\/\/migracao.redenoticia.com.br\/noticia\/imagens\/BBB-10-Rede-Globo-250x161.jpg 250w, https:\/\/migracao.redenoticia.com.br\/noticia\/imagens\/BBB-10-Rede-Globo-150x97.jpg 150w\" sizes=\"auto, (max-width: 300px) 100vw, 300px\" \/>BBB10<\/em><\/strong> &#8211; na manh\u00e3 desta segunda-feira (01\/02), no dia do anivers\u00e1rio de Uilliam, uma discuss\u00e3o sobre o card\u00e1pio do almo\u00e7o acabou pegando fogo e comprometendo a uni\u00e3o do grupo BBB10 que est\u00e1 ocupando o puxadinho (Elieser, Uilliam, Michel, Alex, Elenita, Maroca e Tess\u00e1lia). O bate boca come\u00e7ou quando Maroca sugeriu bolinho para o almo\u00e7o, e Elieser insistiu que deveria ser frango frito. Ap\u00f3s gritos e ofensas, Alex se posicionou a favor de Elieser e Elenita defendeu Maroca, argumentando que Elieser foi agressivo e que Alex e os homens da casa assumiram a cozinha e n\u00e3o aceitam opini\u00f5es. A <strong><em>discuss\u00e3o<\/em><\/strong> durou mais de uma hora e rachou o grupo.<\/p>\n<p>Regras do BBB 10 &#8211; os dezessete participantes do programa BBB 10\u2013 pela primeira vez mais mulheres do que homens \u2013 devem conviver diariamente uns com os outros em um ambiente fechado, que nesta edi\u00e7\u00e3o \u00e9 composto por duas casas. Vigiados por c\u00e2meras 24 horas por dia, eles ficam confinados e proibidos de fazer liga\u00e7\u00f5es telef\u00f4nicas, enviar e receber correspond\u00eancias (por carta ou e-mail), assistir televis\u00e3o, ouvir r\u00e1dio ou ler jornais e revistas. A exce\u00e7\u00e3o \u00e0 regra de nenhum contato com o mundo externo fica por conta das conversas que os participantes t\u00eam com o apresentador do BBB 10 Pedro Bial, por meio de uma televis\u00e3o instalada na sala da casa, e de visitas que eles podem receber de convidados especiais, como cantores, atores e apresentadores da Rede Globo. Durante todo o confinamento BBB 10, os participantes s\u00e3o respons\u00e1veis por preparar suas pr\u00f3prias refei\u00e7\u00f5es, lavar a lou\u00e7a e as roupas.<\/p>\n<p>\u00a0Veja a forma\u00e7\u00e3o das tribos BBB 10 &#8211; a Tribo dos Belos do BBB 10, formada pela dentista Fernanda, pelo engenheiro agr\u00f4nomo Eli\u00e9ser e o professor de dan\u00e7a Uilliam.<\/p>\n<p>Alex, Tess\u00e1lia e Elenita s\u00e3o &#8216;os Cabe\u00e7as&#8217; do BBB 10 &#8211;\u00a0A Tribo dos Cabe\u00e7as re\u00fane a publicit\u00e1ria Tess\u00e1lia, o advogado Alex e a doutora em lingu\u00edstica Elenita. Juntos ou separados, est\u00e3o sempre dispostos a um papo-cabe\u00e7a dentro da\u00a0Casa.<\/p>\n<p>Ang\u00e9lica, Dicesar e S\u00e9rgio: trio colorido no BBB 10 &#8211; A Tribo dos Coloridos \u00e9 formada pelo estudante S\u00e9rgio, o maquiador Dicesar e a jornalista Ang\u00e9lica.\u00a0Homossexuais assumidos, defendem com intelig\u00eancia e alto astral\u00a0suas convic\u00e7\u00f5es.<\/p>\n<p>A Tribo dos Ligados no BBB 10 \u00e9 formada pela policial militar Anamara, pelo publicit\u00e1rio Michel e pelo Ex BBB Dourado. A estudante Ana Marcela fazia parte da tribo mas foi eliminada no segundo pared\u00e3o. Sempre alertas e comunicativos, os brothers se mant\u00eam antenados com os acontecimentos da casa.<\/p>\n<p>Carlos, Cl\u00e1udia e Eliane &#8211; A Tribo dos Sarados BBB 10 \u00e9 composta pela dan\u00e7arina Eliane, pelo professor de Educa\u00e7\u00e3o F\u00edsica Carlos e a organizadora de eventos Cl\u00e1udia.\u00a0<\/p>\n<p>BBB10<\/p>\n","protected":false},"excerpt":{"rendered":"<p>BBB10 &#8211; na manh\u00e3 desta segunda-feira (01\/02), no dia do anivers\u00e1rio de Uilliam, uma discuss\u00e3o sobre o card\u00e1pio do almo\u00e7o acabou pegando fogo e comprometendo a uni\u00e3o do grupo BBB10 que est\u00e1 ocupando o puxadinho (Elieser, Uilliam, Michel, Alex, Elenita, Maroca e Tess\u00e1lia). O bate boca come\u00e7ou quando Maroca sugeriu bolinho para o almo\u00e7o, e [&hellip;]<\/p>\n","protected":false},"author":3,"featured_media":22134,"comment_status":"open","ping_status":"open","sticky":false,"template":"","format":"standard","meta":{"tdm_status":"","tdm_grid_status":"","footnotes":""},"categories":[520,22,375,343],"tags":[],"class_list":{"0":"post-22796","1":"post","2":"type-post","3":"status-publish","4":"format-standard","5":"has-post-thumbnail","7":"category-big-brother-brasil","8":"category-brasil","9":"category-rede-globo","10":"category-televisao"},"_links":{"self":[{"href":"https:\/\/migracao.redenoticia.com.br\/noticia\/wp-json\/wp\/v2\/posts\/22796","targetHints":{"allow":["GET"]}}],"collection":[{"href":"https:\/\/migracao.redenoticia.com.br\/noticia\/wp-json\/wp\/v2\/posts"}],"about":[{"href":"https:\/\/migracao.redenoticia.com.br\/noticia\/wp-json\/wp\/v2\/types\/post"}],"author":[{"embeddable":true,"href":"https:\/\/migracao.redenoticia.com.br\/noticia\/wp-json\/wp\/v2\/users\/3"}],"replies":[{"embeddable":true,"href":"https:\/\/migracao.redenoticia.com.br\/noticia\/wp-json\/wp\/v2\/comments?post=22796"}],"version-history":[{"count":0,"href":"https:\/\/migracao.redenoticia.com.br\/noticia\/wp-json\/wp\/v2\/posts\/22796\/revisions"}],"wp:featuredmedia":[{"embeddable":true,"href":"https:\/\/migracao.redenoticia.com.br\/noticia\/wp-json\/wp\/v2\/media\/22134"}],"wp:attachment":[{"href":"https:\/\/migracao.redenoticia.com.br\/noticia\/wp-json\/wp\/v2\/media?parent=22796"}],"wp:term":[{"taxonomy":"category","embeddable":true,"href":"https:\/\/migracao.redenoticia.com.br\/noticia\/wp-json\/wp\/v2\/categories?post=22796"},{"taxonomy":"post_tag","embeddable":true,"href":"https:\/\/migracao.redenoticia.com.br\/noticia\/wp-json\/wp\/v2\/tags?post=22796"}],"curies":[{"name":"wp","href":"https:\/\/api.w.org\/{rel}","templated":true}]}}