{"id":22798,"date":"2010-02-01T13:46:19","date_gmt":"2010-02-01T17:46:19","guid":{"rendered":"http:\/\/www.redenoticia.com.br\/noticia\/?p=22798"},"modified":"2010-02-01T14:37:04","modified_gmt":"2010-02-01T18:37:04","slug":"inscricao-no-sisu-referencia-enem-2009-termina-quarta-feira-0302","status":"publish","type":"post","link":"https:\/\/migracao.redenoticia.com.br\/noticia\/2010\/inscricao-no-sisu-referencia-enem-2009-termina-quarta-feira-0302\/22798","title":{"rendered":"Inscri\u00e7\u00e3o no SISU &#8211; Enem 2009 termina quarta-feira (03\/02)"},"content":{"rendered":"<p><strong><em><img loading=\"lazy\" decoding=\"async\" class=\"alignleft size-full wp-image-22752\" title=\"sisu enem mec\" src=\"https:\/\/migracao.redenoticia.com.br\/noticia\/imagens\/sisu-enem-mec.jpg\" alt=\"\" width=\"300\" height=\"193\" srcset=\"https:\/\/migracao.redenoticia.com.br\/noticia\/imagens\/sisu-enem-mec.jpg 300w, https:\/\/migracao.redenoticia.com.br\/noticia\/imagens\/sisu-enem-mec-250x161.jpg 250w, https:\/\/migracao.redenoticia.com.br\/noticia\/imagens\/sisu-enem-mec-150x97.jpg 150w\" sizes=\"auto, (max-width: 300px) 100vw, 300px\" \/>SISU<\/em><\/strong> &#8211; as inscri\u00e7\u00f5es dos candidatos que fizeram o <strong><em>Enem 2009<\/em><\/strong> no Sistema de Sele\u00e7\u00e3o Unificada (SISU), gerenciado pelo Minist\u00e9rio da Educa\u00e7\u00e3o <strong><em>MEC<\/em><\/strong>, s\u00e3o feitas exclusivamente pela internet, no endere\u00e7o <a href=\"http:\/\/sisu.mec.gov.br\/index.html\" target=\"_blank\">http:\/\/sisu.mec.gov.br\/index.html<\/a>. Chegou a 410 mil, at\u00e9 o meio-dia desta segunda (1), o n\u00famero de inscri\u00e7\u00f5es no Sistema de Sele\u00e7\u00e3o unificada (Sisu). J\u00e1 entraram no sistema 580 mil estudantes. Aberto na sexta-feira, 29 de janeiro, para a inscri\u00e7\u00e3o de candidatos que fizeram o Exame Nacional do Ensino M\u00e9dio (Enem) em 2009.\u00a0As <a href=\"http:\/\/sisu.mec.gov.br\/\" target=\"_blank\">inscri\u00e7\u00f5es<\/a> seguem at\u00e9 quarta-feira, 3, das 6h \u00e0s 23h59. Entre zero hora e 6h, o sistema calcula as notas de corte (nota m\u00ednima) para cada curso.\u00a0<\/p>\n<p>Para se inscrever, o candidato dever\u00e1 acessar o sistema (no campo &#8220;Acesse o Sistema de Sele\u00e7\u00e3o Unificada&#8221;, no alto da p\u00e1gina principal) e informar seu n\u00famero de inscri\u00e7\u00e3o e a senha cadastrada no Enem 2009. Ap\u00f3s estas informa\u00e7\u00f5es, o sistema solicitar\u00e1 que o candidato crie uma nova senha, espec\u00edfica para o SiSU. O sistema tamb\u00e9m solicitar\u00e1 que o candidato informe um e-mail v\u00e1lido. Muita aten\u00e7\u00e3o ao cadastrar o e-mail, pois somente por meio dele o estudante poder\u00e1, caso necessite, recuperar sua senha do SISU.<\/p>\n<p>O processo seletivo por meio do Sistema de Sele\u00e7\u00e3o Unificada (SiSU) ser\u00e1 realizado em tr\u00eas etapas. A cada etapa, o aluno faz sua op\u00e7\u00e3o, escolhendo o curso e a institui\u00e7\u00e3o para a qual deseja concorrer e efetua sua inscri\u00e7\u00e3o pelo sistema. O sistema seleciona automaticamente os candidatos melhor classificados em cada curso de acordo com as suas respectivas notas, o n\u00famero de vagas dispon\u00edveis e o n\u00famero de inscritos. Os candidatos selecionados t\u00eam um prazo para efetuar sua matr\u00edcula na institui\u00e7\u00e3o para a qual foram selecionados. As vagas eventualmente n\u00e3o ocupadas s\u00e3o disponibilizadas na etapa seguinte, e os candidatos interessados podem participar novamente, fazendo nova inscri\u00e7\u00e3o para concorrer a essas vagas. As tr\u00eas etapas seguem essa mesma din\u00e2mica.<\/p>\n<p>Consulte as datas de cada etapa no endere\u00e7o <a href=\"http:\/\/sisu.mec.gov.br\/cronograma.html\" target=\"_blank\">http:\/\/sisu.mec.gov.br\/cronograma.html<\/a>.<\/p>\n<p>SISU<\/p>\n","protected":false},"excerpt":{"rendered":"<p>SISU &#8211; as inscri\u00e7\u00f5es dos candidatos que fizeram o Enem 2009 no Sistema de Sele\u00e7\u00e3o Unificada (SISU), gerenciado pelo Minist\u00e9rio da Educa\u00e7\u00e3o MEC, s\u00e3o feitas exclusivamente pela internet, no endere\u00e7o http:\/\/sisu.mec.gov.br\/index.html. Chegou a 410 mil, at\u00e9 o meio-dia desta segunda (1), o n\u00famero de inscri\u00e7\u00f5es no Sistema de Sele\u00e7\u00e3o unificada (Sisu). J\u00e1 entraram no sistema [&hellip;]<\/p>\n","protected":false},"author":3,"featured_media":22752,"comment_status":"open","ping_status":"open","sticky":false,"template":"","format":"standard","meta":{"tdm_status":"","tdm_grid_status":"","footnotes":""},"categories":[22,370,295],"tags":[],"class_list":{"0":"post-22798","1":"post","2":"type-post","3":"status-publish","4":"format-standard","5":"has-post-thumbnail","7":"category-brasil","8":"category-inscricao","9":"category-vestibular"},"_links":{"self":[{"href":"https:\/\/migracao.redenoticia.com.br\/noticia\/wp-json\/wp\/v2\/posts\/22798","targetHints":{"allow":["GET"]}}],"collection":[{"href":"https:\/\/migracao.redenoticia.com.br\/noticia\/wp-json\/wp\/v2\/posts"}],"about":[{"href":"https:\/\/migracao.redenoticia.com.br\/noticia\/wp-json\/wp\/v2\/types\/post"}],"author":[{"embeddable":true,"href":"https:\/\/migracao.redenoticia.com.br\/noticia\/wp-json\/wp\/v2\/users\/3"}],"replies":[{"embeddable":true,"href":"https:\/\/migracao.redenoticia.com.br\/noticia\/wp-json\/wp\/v2\/comments?post=22798"}],"version-history":[{"count":0,"href":"https:\/\/migracao.redenoticia.com.br\/noticia\/wp-json\/wp\/v2\/posts\/22798\/revisions"}],"wp:featuredmedia":[{"embeddable":true,"href":"https:\/\/migracao.redenoticia.com.br\/noticia\/wp-json\/wp\/v2\/media\/22752"}],"wp:attachment":[{"href":"https:\/\/migracao.redenoticia.com.br\/noticia\/wp-json\/wp\/v2\/media?parent=22798"}],"wp:term":[{"taxonomy":"category","embeddable":true,"href":"https:\/\/migracao.redenoticia.com.br\/noticia\/wp-json\/wp\/v2\/categories?post=22798"},{"taxonomy":"post_tag","embeddable":true,"href":"https:\/\/migracao.redenoticia.com.br\/noticia\/wp-json\/wp\/v2\/tags?post=22798"}],"curies":[{"name":"wp","href":"https:\/\/api.w.org\/{rel}","templated":true}]}}