{"id":2280,"date":"2009-06-02T23:51:25","date_gmt":"2009-06-03T03:51:25","guid":{"rendered":"http:\/\/www.redenoticia.com.br\/noticia\/?p=2280"},"modified":"2009-06-02T23:59:46","modified_gmt":"2009-06-03T03:59:46","slug":"governo-de-rondonia-e-construtora-chegam-a-acordo-para-construcao-de-jirau","status":"publish","type":"post","link":"https:\/\/migracao.redenoticia.com.br\/noticia\/2009\/governo-de-rondonia-e-construtora-chegam-a-acordo-para-construcao-de-jirau\/2280","title":{"rendered":"Governo de Rond\u00f4nia e construtora chegam a acordo para constru\u00e7\u00e3o de Jirau"},"content":{"rendered":"<p>O governo de Rond\u00f4nia vai receber R$ 90 milh\u00f5es para investimentos em seguran\u00e7a, educa\u00e7\u00e3o, sa\u00fade e infraestrutura, como compensa\u00e7\u00e3o pela constru\u00e7\u00e3o da Usina Hidrel\u00e9trica de Jirau, no Rio Madeira. Os recursos ser\u00e3o repassados pela concession\u00e1ria Energia Sustent\u00e1vel do Brasil, respons\u00e1vel pelo empreendimento.\u00a0<\/p>\n<p>De acordo com o governador de Rond\u00f4nia, Ivo Cassol, a equipe t\u00e9cnica do governo vai trabalhar durante a madrugada na documenta\u00e7\u00e3o que foi encaminhada pela empresa para que a Secretaria Ambiental possa conceder o aval para a constru\u00e7\u00e3o da usina.\u00a0<\/p>\n<p>Ap\u00f3s participar de uma reuni\u00e3o com representantes da Eletrobr\u00e1s, da concession\u00e1ria e da Casa Civil da Presid\u00eancia da Rep\u00fablica, Cassol disse que cerca de R$ 50 milh\u00f5es ser\u00e3o usados na constru\u00e7\u00e3o de novas vagas nos pres\u00eddios do estado. Segundo ele, nos \u00faltimos meses o n\u00famero de presos aumentou de 70 para 120 por m\u00eas.\u00a0<\/p>\n<p>\u201cDe um lado tem o crescimento e gera\u00e7\u00e3o de empregos, mas n\u00e3o podemos esquecer que est\u00e3o indo muitos marginais para o estado e usufruindo desse crescimento\u201d, disse.\u00a0\u00a0<\/p>\n<p>O governador tamb\u00e9m garantiu que vai enviar em breve \u00e0 Assembl\u00e9ia Legislativa uma proposta para autorizar o repasse ao Minist\u00e9rio do Meio Ambiente de uma \u00e1rea do estado que ser\u00e1 alagada para a forma\u00e7\u00e3o da represao da usina.\u00a0<\/p>\n<p>O ministro do Meio Ambiente, Carlos Minc, que tamb\u00e9m participou da reuni\u00e3o, garantiu novamente que a licen\u00e7a de instala\u00e7\u00e3o para a constru\u00e7\u00e3o da usina dever\u00e1 ser concedida amanh\u00e3 (3) pelo Instituto Brasileiro do Meio Ambiente e dos Recursos Naturais Renov\u00e1veis (Ibama).<\/p>\n<p>\u00a0<\/p>\n<p><em>Agencia Brasil<\/em><\/p>\n","protected":false},"excerpt":{"rendered":"<p>O governo de Rond\u00f4nia vai receber R$ 90 milh\u00f5es para investimentos em seguran\u00e7a, educa\u00e7\u00e3o, sa\u00fade e infraestrutura, como compensa\u00e7\u00e3o pela constru\u00e7\u00e3o da Usina Hidrel\u00e9trica de Jirau, no Rio Madeira. Os recursos ser\u00e3o repassados pela concession\u00e1ria Energia Sustent\u00e1vel do Brasil, respons\u00e1vel pelo empreendimento.\u00a0 De acordo com o governador de Rond\u00f4nia, Ivo Cassol, a equipe t\u00e9cnica do [&hellip;]<\/p>\n","protected":false},"author":2,"featured_media":0,"comment_status":"open","ping_status":"open","sticky":false,"template":"","format":"standard","meta":{"tdm_status":"","tdm_grid_status":"","footnotes":""},"categories":[22,7],"tags":[],"class_list":{"0":"post-2280","1":"post","2":"type-post","3":"status-publish","4":"format-standard","6":"category-brasil","7":"category-economia"},"_links":{"self":[{"href":"https:\/\/migracao.redenoticia.com.br\/noticia\/wp-json\/wp\/v2\/posts\/2280","targetHints":{"allow":["GET"]}}],"collection":[{"href":"https:\/\/migracao.redenoticia.com.br\/noticia\/wp-json\/wp\/v2\/posts"}],"about":[{"href":"https:\/\/migracao.redenoticia.com.br\/noticia\/wp-json\/wp\/v2\/types\/post"}],"author":[{"embeddable":true,"href":"https:\/\/migracao.redenoticia.com.br\/noticia\/wp-json\/wp\/v2\/users\/2"}],"replies":[{"embeddable":true,"href":"https:\/\/migracao.redenoticia.com.br\/noticia\/wp-json\/wp\/v2\/comments?post=2280"}],"version-history":[{"count":0,"href":"https:\/\/migracao.redenoticia.com.br\/noticia\/wp-json\/wp\/v2\/posts\/2280\/revisions"}],"wp:attachment":[{"href":"https:\/\/migracao.redenoticia.com.br\/noticia\/wp-json\/wp\/v2\/media?parent=2280"}],"wp:term":[{"taxonomy":"category","embeddable":true,"href":"https:\/\/migracao.redenoticia.com.br\/noticia\/wp-json\/wp\/v2\/categories?post=2280"},{"taxonomy":"post_tag","embeddable":true,"href":"https:\/\/migracao.redenoticia.com.br\/noticia\/wp-json\/wp\/v2\/tags?post=2280"}],"curies":[{"name":"wp","href":"https:\/\/api.w.org\/{rel}","templated":true}]}}