{"id":22803,"date":"2010-02-01T16:26:16","date_gmt":"2010-02-01T20:26:16","guid":{"rendered":"http:\/\/www.redenoticia.com.br\/noticia\/?p=22803"},"modified":"2010-02-01T16:26:16","modified_gmt":"2010-02-01T20:26:16","slug":"fundacao-cultural-e-casa-do-artesao-de-ji-parana-abrem-inscricoes-para-diversos-cursos","status":"publish","type":"post","link":"https:\/\/migracao.redenoticia.com.br\/noticia\/2010\/fundacao-cultural-e-casa-do-artesao-de-ji-parana-abrem-inscricoes-para-diversos-cursos\/22803","title":{"rendered":"Funda\u00e7\u00e3o Cultural e Casa do Artes\u00e3o de Ji-Paran\u00e1 abrem inscri\u00e7\u00f5es para diversos cursos"},"content":{"rendered":"<p><strong>Funda\u00e7\u00e3o Cultural<\/strong> &#8211; A Funda\u00e7\u00e3o Cultural de Ji-Paran\u00e1 (RO) abrir\u00e1 inscri\u00e7\u00f5es a partir do dia oito de fevereiro, para os cursos de artes c\u00eanicas, ballet e m\u00fasica. Para o curso de artes c\u00eanicas, poder\u00e3o se inscrever pessoas acima de sete anos. J\u00e1 para o curso de ballet, as vagas destinam-se somente para o per\u00edodo da manh\u00e3, para crian\u00e7as a partir dos quatro anos. Para estes dois cursos, as inscri\u00e7\u00f5es poder\u00e3o ser feitas somente no dia oito de fevereiro e as aulas ser\u00e3o realizadas nas depend\u00eancias do Teatro Dominguinhos.<\/p>\n<p>As inscri\u00e7\u00f5es para as aulas de m\u00fasica, acontecer\u00e3o nos dias oito e nove de fevereiro, na sede da Escola de Musica Walter B\u00e1rtolo, local onde acontecer\u00e1 o curso.<\/p>\n<p>De acordo com presidente da Funda\u00e7\u00e3o Cultural Regina Vilas Boas, os hor\u00e1rios dispon\u00edveis para as inscri\u00e7\u00f5es dos cursos s\u00e3o das 08h \u00e0s 11h e das 14h \u00e0s 17h, tanto para o Teatro Dominguinhos quanto para a Escola de M\u00fasica Walter Bartolo. \u201cTodos os cursos s\u00e3o gratuitos e os respons\u00e1veis pelos alunos devem levar no ato da inscri\u00e7\u00e3o c\u00f3pia da certid\u00e3o de nascimento, comprovante de resid\u00eancia e uma foto 3X4\u201d concluiu Regina Vilas Boas.<\/p>\n<p><strong>Casa do Artes\u00e3o<\/strong> \u2013 A Casa do Artes\u00e3o tamb\u00e9m inicia dia 08 de fevereiro, as inscri\u00e7\u00f5es para os cursos de pintura em tela e tecido, fuxico, manicure e design de unha.\u00a0 S\u00e3o mais de 100 vagas dispon\u00edveis para pessoas com mais de 14 anos<\/p>\n<p>As inscri\u00e7\u00f5es podem devem ser feitas na Casa do Artes\u00e3o. Mais informa\u00e7\u00f5es pelos telefones\u00a0<strong>3422-5599 ou 3421-9581.<\/strong><\/p>\n","protected":false},"excerpt":{"rendered":"<p>Funda\u00e7\u00e3o Cultural &#8211; A Funda\u00e7\u00e3o Cultural de Ji-Paran\u00e1 (RO) abrir\u00e1 inscri\u00e7\u00f5es a partir do dia oito de fevereiro, para os cursos de artes c\u00eanicas, ballet e m\u00fasica. Para o curso de artes c\u00eanicas, poder\u00e3o se inscrever pessoas acima de sete anos. J\u00e1 para o curso de ballet, as vagas destinam-se somente para o per\u00edodo da [&hellip;]<\/p>\n","protected":false},"author":2,"featured_media":0,"comment_status":"open","ping_status":"open","sticky":false,"template":"","format":"standard","meta":{"tdm_status":"","tdm_grid_status":"","footnotes":""},"categories":[22],"tags":[],"class_list":{"0":"post-22803","1":"post","2":"type-post","3":"status-publish","4":"format-standard","6":"category-brasil"},"_links":{"self":[{"href":"https:\/\/migracao.redenoticia.com.br\/noticia\/wp-json\/wp\/v2\/posts\/22803","targetHints":{"allow":["GET"]}}],"collection":[{"href":"https:\/\/migracao.redenoticia.com.br\/noticia\/wp-json\/wp\/v2\/posts"}],"about":[{"href":"https:\/\/migracao.redenoticia.com.br\/noticia\/wp-json\/wp\/v2\/types\/post"}],"author":[{"embeddable":true,"href":"https:\/\/migracao.redenoticia.com.br\/noticia\/wp-json\/wp\/v2\/users\/2"}],"replies":[{"embeddable":true,"href":"https:\/\/migracao.redenoticia.com.br\/noticia\/wp-json\/wp\/v2\/comments?post=22803"}],"version-history":[{"count":0,"href":"https:\/\/migracao.redenoticia.com.br\/noticia\/wp-json\/wp\/v2\/posts\/22803\/revisions"}],"wp:attachment":[{"href":"https:\/\/migracao.redenoticia.com.br\/noticia\/wp-json\/wp\/v2\/media?parent=22803"}],"wp:term":[{"taxonomy":"category","embeddable":true,"href":"https:\/\/migracao.redenoticia.com.br\/noticia\/wp-json\/wp\/v2\/categories?post=22803"},{"taxonomy":"post_tag","embeddable":true,"href":"https:\/\/migracao.redenoticia.com.br\/noticia\/wp-json\/wp\/v2\/tags?post=22803"}],"curies":[{"name":"wp","href":"https:\/\/api.w.org\/{rel}","templated":true}]}}