{"id":22813,"date":"2010-02-01T17:33:08","date_gmt":"2010-02-01T21:33:08","guid":{"rendered":"http:\/\/www.redenoticia.com.br\/noticia\/?p=22813"},"modified":"2010-02-01T17:33:08","modified_gmt":"2010-02-01T21:33:08","slug":"inscricao-para-o-vestibular-a-distancia-ead-uninter","status":"publish","type":"post","link":"https:\/\/migracao.redenoticia.com.br\/noticia\/2010\/inscricao-para-o-vestibular-a-distancia-ead-uninter\/22813","title":{"rendered":"Inscri\u00e7\u00e3o para o vestibular a dist\u00e2ncia EAD Uninter"},"content":{"rendered":"<p>O Grupo Educacional\u00a0<strong><em>UNINTER<\/em><\/strong>, por meio de suas Institui\u00e7\u00f5es de Ensino Superior, Facinter e Fatec Internacional, est\u00e1 com a \u00faltima semana de inscri\u00e7\u00f5es abertas para o\u00a0<strong><em>vestibular dos cursos na modalidade a dist\u00e2ncia<\/em><\/strong>, em todo o Brasil. As inscri\u00e7\u00f5es v\u00e3o at\u00e9 o dia 5 de fevereiro. Os interessados em prestar o vestibular para as Institui\u00e7\u00f5es podem se inscrever pelo site\u00a0<a href=\"http:\/\/www.vestibularnacional.com.br\/\" target=\"_blank\">www.vestibularnacional.com.br<\/a>\u00a0ou pelo telefone 0800 702 0500. As provas acontecem no dia 7 de fevereiro.<\/p>\n<p>Al\u00e9m de oferecer dez op\u00e7\u00f5es de cursos superiores &#8211; autorizados e reconhecidos pelo Minist\u00e9rio da Educa\u00e7\u00e3o (MEC) -, com dura\u00e7\u00e3o de 2 a 3,5 anos, e apresentar diferenciais que proporcionam o acesso \u00e0 Educa\u00e7\u00e3o a todos os brasileiros, as Institui\u00e7\u00f5es do UNINTER contam como aulas ao vivo, via sat\u00e9lite, uma vez por semana, transmitidas por meio de uma das melhores estruturas de dial\u00f3gica eletr\u00f4nica de EaD do pa\u00eds. Al\u00e9m disso, as mensalidades s\u00e3o acess\u00edveis, e o aluno ganha, aproximadamente, 30 livros durante todo o curso.\u00a0<\/p>\n<p>Segundo pesquisa da ABE-EaD, validada pelo MEC, o Grupo Educacional UNINTER, est\u00e1 em primeiro lugar em qualidade entre as maiores institui\u00e7\u00f5es de ensino a dist\u00e2ncia do pa\u00eds.\u00a0<\/p>\n<p>Os cursos a dist\u00e2ncia da Facinter e da Fatec Internacional est\u00e3o dispon\u00edveis em todas as regi\u00f5es do Brasil, nos Polos de Apoio Presencial, distribu\u00eddos em mais 600 cidades.\u00a0<\/p>\n<p>Servi\u00e7o:<\/p>\n<p>\u00daltima semana de inscri\u00e7\u00e3o para o vestibular a dist\u00e2ncia Facinter e a Fatec Internacional\u00a0<br \/>\nInscri\u00e7\u00f5es: at\u00e9 5 de fevereiro\/ Valor: R$ 50,00<\/p>\n<p>Provas: 7 de fevereiro, no Polo de Apoio Presencial.<br \/>\nInforma\u00e7\u00f5es e Inscri\u00e7\u00f5es: www.vestibularnacional.com.br ou 0800 702 0500<\/p>\n","protected":false},"excerpt":{"rendered":"<p>O Grupo Educacional\u00a0UNINTER, por meio de suas Institui\u00e7\u00f5es de Ensino Superior, Facinter e Fatec Internacional, est\u00e1 com a \u00faltima semana de inscri\u00e7\u00f5es abertas para o\u00a0vestibular dos cursos na modalidade a dist\u00e2ncia, em todo o Brasil. As inscri\u00e7\u00f5es v\u00e3o at\u00e9 o dia 5 de fevereiro. Os interessados em prestar o vestibular para as Institui\u00e7\u00f5es podem se [&hellip;]<\/p>\n","protected":false},"author":3,"featured_media":0,"comment_status":"open","ping_status":"open","sticky":false,"template":"","format":"standard","meta":{"tdm_status":"","tdm_grid_status":"","footnotes":""},"categories":[22,370,295],"tags":[],"class_list":{"0":"post-22813","1":"post","2":"type-post","3":"status-publish","4":"format-standard","6":"category-brasil","7":"category-inscricao","8":"category-vestibular"},"_links":{"self":[{"href":"https:\/\/migracao.redenoticia.com.br\/noticia\/wp-json\/wp\/v2\/posts\/22813","targetHints":{"allow":["GET"]}}],"collection":[{"href":"https:\/\/migracao.redenoticia.com.br\/noticia\/wp-json\/wp\/v2\/posts"}],"about":[{"href":"https:\/\/migracao.redenoticia.com.br\/noticia\/wp-json\/wp\/v2\/types\/post"}],"author":[{"embeddable":true,"href":"https:\/\/migracao.redenoticia.com.br\/noticia\/wp-json\/wp\/v2\/users\/3"}],"replies":[{"embeddable":true,"href":"https:\/\/migracao.redenoticia.com.br\/noticia\/wp-json\/wp\/v2\/comments?post=22813"}],"version-history":[{"count":0,"href":"https:\/\/migracao.redenoticia.com.br\/noticia\/wp-json\/wp\/v2\/posts\/22813\/revisions"}],"wp:attachment":[{"href":"https:\/\/migracao.redenoticia.com.br\/noticia\/wp-json\/wp\/v2\/media?parent=22813"}],"wp:term":[{"taxonomy":"category","embeddable":true,"href":"https:\/\/migracao.redenoticia.com.br\/noticia\/wp-json\/wp\/v2\/categories?post=22813"},{"taxonomy":"post_tag","embeddable":true,"href":"https:\/\/migracao.redenoticia.com.br\/noticia\/wp-json\/wp\/v2\/tags?post=22813"}],"curies":[{"name":"wp","href":"https:\/\/api.w.org\/{rel}","templated":true}]}}