{"id":22815,"date":"2010-02-01T17:40:58","date_gmt":"2010-02-01T21:40:58","guid":{"rendered":"http:\/\/www.redenoticia.com.br\/noticia\/?p=22815"},"modified":"2010-02-01T17:40:58","modified_gmt":"2010-02-01T21:40:58","slug":"rede-record-%e2%80%93-ultimos-dias-de-a-fazenda","status":"publish","type":"post","link":"https:\/\/migracao.redenoticia.com.br\/noticia\/2010\/rede-record-%e2%80%93-ultimos-dias-de-a-fazenda\/22815","title":{"rendered":"Rede Record \u2013 \u00faltimos dias de A Fazenda"},"content":{"rendered":"<p><strong><em><img loading=\"lazy\" decoding=\"async\" class=\"alignleft size-full wp-image-22058\" title=\"a fazenda rede record aovivo\" src=\"https:\/\/migracao.redenoticia.com.br\/noticia\/imagens\/a-fazenda-rede-record-aovivo.jpg\" alt=\"\" width=\"300\" height=\"193\" srcset=\"https:\/\/migracao.redenoticia.com.br\/noticia\/imagens\/a-fazenda-rede-record-aovivo.jpg 300w, https:\/\/migracao.redenoticia.com.br\/noticia\/imagens\/a-fazenda-rede-record-aovivo-250x161.jpg 250w, https:\/\/migracao.redenoticia.com.br\/noticia\/imagens\/a-fazenda-rede-record-aovivo-150x97.jpg 150w\" sizes=\"auto, (max-width: 300px) 100vw, 300px\" \/>Rede Record<\/em><\/strong> &#8211;\u00a0Igor Cotrim deixou o programa na noite de ontem (31\/01), a apenas 10 dias da grande final do programa <strong><em>A Fazenda<\/em><\/strong> da Rede Record. O pe\u00e3o foi eliminado pelo p\u00fablico com 50% dos votos. Na sa\u00edda da Fazenda, Natalie, sua esposa, e Pedro, amigo e parceiro de banda, receberam o ator com um trof\u00e9u de Melhor Ator pelo filme Elvis &amp; Madona, do Festival de Cinema de Natal, no Rio Grande do Norte.\u00a0Depois de 77 dias, continuam na Fazenda apenas Karina Bacchi, Mateus Rocha e Andr\u00e9 Segatti. Eles encaram automaticamente a nova e \u00faltima Ro\u00e7a do programa da Rede Record, antes da final, dia 10 de fevereiro.<\/p>\n<p>No pr\u00f3ximo domingo, dia 07, um dos tr\u00eas ser\u00e1 eliminado e apenas dois v\u00e3o disputar o pr\u00eamio de R$ 1 milh\u00e3o na quarta-feira, dia da grande final de A Fazenda.<\/p>\n<p>A Fazenda vai ao ar \u00e0s 21h45 na Rede Record, com apresenta\u00e7\u00e3o de Britto Jr. e dire\u00e7\u00e3o geral de Rodrigo Carelli.<\/p>\n<p>A Fazenda (The Farm) \u00e9 um programa da Two Way Traffic, empresa que surgiu na Su\u00e9cia, em 2001, e logo conquistou o mundo. No ar em mais de 40 pa\u00edses, \u00e9 sucesso de audi\u00eancia e cr\u00edtica por onde passa. E aqui no Brasil n\u00e3o foi diferente Em sua primeira temporada, exibida no per\u00edodo entre 31 de maio e 23 de agosto de 2009, A Fazenda conquistou o p\u00fablico com o cotidiano de 14 celebridades acostumadas com a vida urbana, tendo que conviver com diferentes personalidades, lidar com os animais e ainda disputar um pr\u00eamio de um milh\u00e3o de reais.\u00a0<\/p>\n<p>O formato do programa une a tradi\u00e7\u00e3o rural brasileira, valorizando seus costumes e o trabalho no campo, \u00e0 emo\u00e7\u00e3o dos reality shows.<\/p>\n<p>Rede Record &#8211; A Fazenda<\/p>\n","protected":false},"excerpt":{"rendered":"<p>Rede Record &#8211;\u00a0Igor Cotrim deixou o programa na noite de ontem (31\/01), a apenas 10 dias da grande final do programa A Fazenda da Rede Record. O pe\u00e3o foi eliminado pelo p\u00fablico com 50% dos votos. Na sa\u00edda da Fazenda, Natalie, sua esposa, e Pedro, amigo e parceiro de banda, receberam o ator com um [&hellip;]<\/p>\n","protected":false},"author":3,"featured_media":22058,"comment_status":"open","ping_status":"open","sticky":false,"template":"","format":"standard","meta":{"tdm_status":"","tdm_grid_status":"","footnotes":""},"categories":[22,371,343],"tags":[],"class_list":{"0":"post-22815","1":"post","2":"type-post","3":"status-publish","4":"format-standard","5":"has-post-thumbnail","7":"category-brasil","8":"category-rede-record","9":"category-televisao"},"_links":{"self":[{"href":"https:\/\/migracao.redenoticia.com.br\/noticia\/wp-json\/wp\/v2\/posts\/22815","targetHints":{"allow":["GET"]}}],"collection":[{"href":"https:\/\/migracao.redenoticia.com.br\/noticia\/wp-json\/wp\/v2\/posts"}],"about":[{"href":"https:\/\/migracao.redenoticia.com.br\/noticia\/wp-json\/wp\/v2\/types\/post"}],"author":[{"embeddable":true,"href":"https:\/\/migracao.redenoticia.com.br\/noticia\/wp-json\/wp\/v2\/users\/3"}],"replies":[{"embeddable":true,"href":"https:\/\/migracao.redenoticia.com.br\/noticia\/wp-json\/wp\/v2\/comments?post=22815"}],"version-history":[{"count":0,"href":"https:\/\/migracao.redenoticia.com.br\/noticia\/wp-json\/wp\/v2\/posts\/22815\/revisions"}],"wp:featuredmedia":[{"embeddable":true,"href":"https:\/\/migracao.redenoticia.com.br\/noticia\/wp-json\/wp\/v2\/media\/22058"}],"wp:attachment":[{"href":"https:\/\/migracao.redenoticia.com.br\/noticia\/wp-json\/wp\/v2\/media?parent=22815"}],"wp:term":[{"taxonomy":"category","embeddable":true,"href":"https:\/\/migracao.redenoticia.com.br\/noticia\/wp-json\/wp\/v2\/categories?post=22815"},{"taxonomy":"post_tag","embeddable":true,"href":"https:\/\/migracao.redenoticia.com.br\/noticia\/wp-json\/wp\/v2\/tags?post=22815"}],"curies":[{"name":"wp","href":"https:\/\/api.w.org\/{rel}","templated":true}]}}