{"id":228160,"date":"2023-01-10T18:58:10","date_gmt":"2023-01-10T21:58:10","guid":{"rendered":"https:\/\/www.redenoticia.com.br\/noticia\/?p=228160"},"modified":"2023-01-10T18:58:10","modified_gmt":"2023-01-10T21:58:10","slug":"resumo-cara-e-coragem-11-01-pat-conta-para-moa-sobre-seu-encontro-com-romulo","status":"publish","type":"post","link":"https:\/\/migracao.redenoticia.com.br\/noticia\/2023\/resumo-cara-e-coragem-11-01-pat-conta-para-moa-sobre-seu-encontro-com-romulo\/228160","title":{"rendered":"Resumo \u201cCara e Coragem\u201d 11\/01: Pat conta para Moa sobre seu encontro com R\u00f4mulo"},"content":{"rendered":"<p> <img loading=\"lazy\" decoding=\"async\" class=\"aligncenter size-full wp-image-220184\" src=\"https:\/\/migracao.redenoticia.com.br\/noticia\/imagens\/cara-e-coragem.jpg\" alt=\"\" width=\"1280\" height=\"720\" srcset=\"https:\/\/migracao.redenoticia.com.br\/noticia\/imagens\/cara-e-coragem.jpg 1280w, https:\/\/migracao.redenoticia.com.br\/noticia\/imagens\/cara-e-coragem-250x140.jpg 250w, https:\/\/migracao.redenoticia.com.br\/noticia\/imagens\/cara-e-coragem-400x225.jpg 400w, https:\/\/migracao.redenoticia.com.br\/noticia\/imagens\/cara-e-coragem-768x432.jpg 768w, https:\/\/migracao.redenoticia.com.br\/noticia\/imagens\/cara-e-coragem-150x84.jpg 150w\" sizes=\"auto, (max-width: 1280px) 100vw, 1280px\" \/><\/p>\n<p><strong><em>Resumo da novela \u201cCara e Coragem\u201d<\/em><\/strong> em 11\/01: no cap\u00edtulo 195(*) da novela, Pat revela a R\u00f4mulo que estava monitorando os encontros deles para \u00cdtalo. Danilo se desespera com a Cita\u00e7\u00e3o e exige que C\u00e9lia arrume um encontro dele com Rebeca. Regina chora com medo de ser presa. Batata e outros camel\u00f4s impedem Paulo de falar com Fernanda. Pat fica assustada quando ouve R\u00f4mulo amea\u00e7\u00e1-la depois de se declarar para ela. Alfredo teme por sua vida e pede para que Moa conte a verdade para Soss\u00f4. <\/p>\n<p>Leonardo descobre que n\u00e3o foi citado como r\u00e9u pela tentativa de homic\u00eddio de Clarice. Berimbau pede uma dela\u00e7\u00e3o premiada a Marcela para denunciar Danilo. Pat conta para Moa sobre seu encontro com R\u00f4mulo, e os dois se beijam. R\u00f4mulo decide tirar Jonathan do local onde ele estava preso. Martha passa suas a\u00e7\u00f5es da empresa para Danilo. \u00cdtalo chega com sua equipe ao local indicado por Danilo para resgatar Jonathan. <\/p>\n<p>(*) edi\u00e7\u00e3o das novelas da Globo, \u201cCara e Coragem\u201d, sujeito a altera\u00e7\u00e3o de data e conte\u00fado.<\/p>\n<p>Sinopse \u201cCara e Coragem\u201d: Os dubl\u00eas profissionais Pat e Moa ter\u00e3o seus caminhos tra\u00e7ados com o da empres\u00e1ria Clarice Gusm\u00e3o, diretora da Sider\u00fargica Gusm\u00e3o e inventora de uma f\u00f3rmula secreta milion\u00e1ria, que ser\u00e1 invejada por Leonardo, irm\u00e3o de Clarice, sua amante Regina, e Danilo, tamb\u00e9m empres\u00e1rio.<\/p>\n<p>Enquanto os dubl\u00eas se descobrir\u00e3o apaixonados um pelo outro, mesmo que eles n\u00e3o admitam, Clarice ter\u00e1 um caso com \u00cdtalo, um instrutor de parkur, al\u00e9m de outros segredos obscuros dentro da trama. Uma reviravolta em sua vida acontece ao descobrir a exist\u00eancia de Anita, uma s\u00f3sia sua, mas com uma personalidade totalmente oposta.<\/p>\n","protected":false},"excerpt":{"rendered":"<p>Resumo da novela \u201cCara e Coragem\u201d em 11\/01: no cap\u00edtulo 195(*) da novela, Pat revela a R\u00f4mulo que estava monitorando os encontros deles para \u00cdtalo. Danilo se desespera com a Cita\u00e7\u00e3o e exige que C\u00e9lia arrume um encontro dele com Rebeca. Regina chora com medo de ser presa. Batata e outros camel\u00f4s impedem Paulo de [&hellip;]<\/p>\n","protected":false},"author":5,"featured_media":220185,"comment_status":"closed","ping_status":"closed","sticky":false,"template":"","format":"standard","meta":{"tdm_status":"","tdm_grid_status":"","footnotes":""},"categories":[2281,379,375,2025,343],"tags":[441],"class_list":{"0":"post-228160","1":"post","2":"type-post","3":"status-publish","4":"format-standard","5":"has-post-thumbnail","7":"category-cara-e-coragem","8":"category-novelas","9":"category-rede-globo","10":"category-resumo","11":"category-televisao","12":"tag-resumo-do-dia"},"_links":{"self":[{"href":"https:\/\/migracao.redenoticia.com.br\/noticia\/wp-json\/wp\/v2\/posts\/228160","targetHints":{"allow":["GET"]}}],"collection":[{"href":"https:\/\/migracao.redenoticia.com.br\/noticia\/wp-json\/wp\/v2\/posts"}],"about":[{"href":"https:\/\/migracao.redenoticia.com.br\/noticia\/wp-json\/wp\/v2\/types\/post"}],"author":[{"embeddable":true,"href":"https:\/\/migracao.redenoticia.com.br\/noticia\/wp-json\/wp\/v2\/users\/5"}],"replies":[{"embeddable":true,"href":"https:\/\/migracao.redenoticia.com.br\/noticia\/wp-json\/wp\/v2\/comments?post=228160"}],"version-history":[{"count":0,"href":"https:\/\/migracao.redenoticia.com.br\/noticia\/wp-json\/wp\/v2\/posts\/228160\/revisions"}],"wp:featuredmedia":[{"embeddable":true,"href":"https:\/\/migracao.redenoticia.com.br\/noticia\/wp-json\/wp\/v2\/media\/220185"}],"wp:attachment":[{"href":"https:\/\/migracao.redenoticia.com.br\/noticia\/wp-json\/wp\/v2\/media?parent=228160"}],"wp:term":[{"taxonomy":"category","embeddable":true,"href":"https:\/\/migracao.redenoticia.com.br\/noticia\/wp-json\/wp\/v2\/categories?post=228160"},{"taxonomy":"post_tag","embeddable":true,"href":"https:\/\/migracao.redenoticia.com.br\/noticia\/wp-json\/wp\/v2\/tags?post=228160"}],"curies":[{"name":"wp","href":"https:\/\/api.w.org\/{rel}","templated":true}]}}