{"id":22817,"date":"2010-02-01T17:43:12","date_gmt":"2010-02-01T21:43:12","guid":{"rendered":"http:\/\/www.redenoticia.com.br\/noticia\/?p=22817"},"modified":"2010-02-01T17:43:12","modified_gmt":"2010-02-01T21:43:12","slug":"embasa-divulga-locais-de-prova-do-concurso","status":"publish","type":"post","link":"https:\/\/migracao.redenoticia.com.br\/noticia\/2010\/embasa-divulga-locais-de-prova-do-concurso\/22817","title":{"rendered":"EMBASA divulga locais de prova do concurso"},"content":{"rendered":"<p>J\u00e1 est\u00e1 dispon\u00edvel no endere\u00e7o eletr\u00f4nico <strong><em>Cespe\/UNB<\/em><\/strong> <a href=\"http:\/\/www.cespe.unb.br\/concursos\/embasa2009\" target=\"_blank\">www.cespe.unb.br\/concursos\/embasa2009<\/a> a consulta dos locais e hor\u00e1rios de provas do concurso da Empresa Baiana de \u00c1gua e Saneamento S.A (<strong><em>Embasa<\/em><\/strong>). As provas ocorrem no pr\u00f3ximo dia 7 de fevereiro para todos os cargos, com exce\u00e7\u00e3o das provas para os candidatos \u00e0s forma\u00e7\u00f5es Ci\u00eancias Biol\u00f3gicas e Biomedicina com habilita\u00e7\u00e3o envolvendo an\u00e1lise de \u00e1guas e esgotamento. A prova para essas forma\u00e7\u00f5es ser\u00e1 no dia 21 de mar\u00e7o de 2010.\u00a0<\/p>\n<p>Ao todo, a Embasa oferece 2.271 vagas para diferentes cargos de n\u00edvel m\u00e9dio, t\u00e9cnico e superior. As vagas est\u00e3o distribu\u00eddas em diversos munic\u00edpios baianos, al\u00e9m da capital Salvador. As remunera\u00e7\u00f5es oferecidas est\u00e3o entre R$ 883,10 e R$ 4.091,60, de acordo com a fun\u00e7\u00e3o desempenhada e n\u00edvel de forma\u00e7\u00e3o.<\/p>\n<p>CONTATO &#8211; Outras informa\u00e7\u00f5es no site www.cespe.unb.br\/concursos\/embasa2009 ou na Central de Atendimento do Cespe\/UnB, de segunda a sexta, das 8h \u00e0s 19h &#8211; Campus Universit\u00e1rio Darcy Ribeiro, Sede do Cespe\/UnB &#8211; pelo telefone (61) 3448 0100.\u00a0<\/p>\n<p>EMBASA &#8211; locais de prova do concurso Cespe\/UNB<\/p>\n","protected":false},"excerpt":{"rendered":"<p>J\u00e1 est\u00e1 dispon\u00edvel no endere\u00e7o eletr\u00f4nico Cespe\/UNB www.cespe.unb.br\/concursos\/embasa2009 a consulta dos locais e hor\u00e1rios de provas do concurso da Empresa Baiana de \u00c1gua e Saneamento S.A (Embasa). As provas ocorrem no pr\u00f3ximo dia 7 de fevereiro para todos os cargos, com exce\u00e7\u00e3o das provas para os candidatos \u00e0s forma\u00e7\u00f5es Ci\u00eancias Biol\u00f3gicas e Biomedicina com habilita\u00e7\u00e3o [&hellip;]<\/p>\n","protected":false},"author":3,"featured_media":0,"comment_status":"open","ping_status":"open","sticky":false,"template":"","format":"standard","meta":{"tdm_status":"","tdm_grid_status":"","footnotes":""},"categories":[22,352,370],"tags":[],"class_list":{"0":"post-22817","1":"post","2":"type-post","3":"status-publish","4":"format-standard","6":"category-brasil","7":"category-concursos","8":"category-inscricao"},"_links":{"self":[{"href":"https:\/\/migracao.redenoticia.com.br\/noticia\/wp-json\/wp\/v2\/posts\/22817","targetHints":{"allow":["GET"]}}],"collection":[{"href":"https:\/\/migracao.redenoticia.com.br\/noticia\/wp-json\/wp\/v2\/posts"}],"about":[{"href":"https:\/\/migracao.redenoticia.com.br\/noticia\/wp-json\/wp\/v2\/types\/post"}],"author":[{"embeddable":true,"href":"https:\/\/migracao.redenoticia.com.br\/noticia\/wp-json\/wp\/v2\/users\/3"}],"replies":[{"embeddable":true,"href":"https:\/\/migracao.redenoticia.com.br\/noticia\/wp-json\/wp\/v2\/comments?post=22817"}],"version-history":[{"count":0,"href":"https:\/\/migracao.redenoticia.com.br\/noticia\/wp-json\/wp\/v2\/posts\/22817\/revisions"}],"wp:attachment":[{"href":"https:\/\/migracao.redenoticia.com.br\/noticia\/wp-json\/wp\/v2\/media?parent=22817"}],"wp:term":[{"taxonomy":"category","embeddable":true,"href":"https:\/\/migracao.redenoticia.com.br\/noticia\/wp-json\/wp\/v2\/categories?post=22817"},{"taxonomy":"post_tag","embeddable":true,"href":"https:\/\/migracao.redenoticia.com.br\/noticia\/wp-json\/wp\/v2\/tags?post=22817"}],"curies":[{"name":"wp","href":"https:\/\/api.w.org\/{rel}","templated":true}]}}