{"id":228292,"date":"2023-01-13T20:11:37","date_gmt":"2023-01-13T23:11:37","guid":{"rendered":"https:\/\/www.redenoticia.com.br\/noticia\/2023\/super-sete-resultado-do-concurso-345-sorteado-sexta-feira-13-01-2023\/228292"},"modified":"2023-01-14T07:45:10","modified_gmt":"2023-01-14T10:45:10","slug":"super-sete-resultado-do-concurso-345-sorteado-sexta-feira-13-01-2023","status":"publish","type":"post","link":"https:\/\/migracao.redenoticia.com.br\/noticia\/2023\/super-sete-resultado-do-concurso-345-sorteado-sexta-feira-13-01-2023\/228292","title":{"rendered":"Super Sete: Resultado do concurso 345 sorteado  Sexta-feira 13\/01\/2023"},"content":{"rendered":"<p>Resultado do Super Sete, concurso 345, realizado na  Sexta-feira, dia 13\/01\/2023, no Espa\u00e7o da Sorte, na cidade de S\u00e3o Paulo: <\/p>\n<h2>N\u00fameros Sorteados Super Sete 345<\/h2>\n<div style =\"font-size: 1.3em;margin-bottom:20px;\"><b><span class=\"numberCircleSuperSete\">1<\/span> <span class=\"numberCircleSuperSete\">6<\/span> <span class=\"numberCircleSuperSete\">4<\/span> <span class=\"numberCircleSuperSete\">4<\/span> <span class=\"numberCircleSuperSete\">6<\/span> <span class=\"numberCircleSuperSete\">3<\/span> <span class=\"numberCircleSuperSete\">7<\/span><\/b> <\/div>\n<h2>Premia\u00e7\u00e3o Super Sete 345<\/h2>\n<table>\n<tr>\n<th>Acertos<\/th>\n<th>Ganhad.<\/th>\n<th>Pr\u00eamio<\/th>\n<\/tr>\n<tr>\n<td> 7<\/td>\n<td>0<\/td>\n<td>0,00<\/td>\n<\/tr>\n<tr>\n<td> 6<\/td>\n<td>2<\/td>\n<td>10.501,90<\/td>\n<\/tr>\n<tr>\n<td> 5<\/td>\n<td>41<\/td>\n<td>731,83<\/td>\n<\/tr>\n<tr>\n<td> 4<\/td>\n<td>641<\/td>\n<td>46,81<\/td>\n<\/tr>\n<td> 3<\/td>\n<td>5.727<\/td>\n<td>5,00<\/td>\n<\/tr>\n<\/table>\n<h2>Total de Apostas realizadas<\/h2>\n<p>No concurso 345 do Super Sete foi realizado um total de 211.000 apostas.<\/p>\n<h2>Pr\u00f3ximo Sorteio da Super Sete <\/h2>\n<p>O pr\u00f3ximo sorteio ser\u00e1 realizado Segunda-feira 16\/01\/2023, no Espa\u00e7o da Sorte, na cidade de S\u00e3o Paulo. O pr\u00eamio previsto \u00e9 de R$ 350.000,00.<\/p>\n<h3>\u00daltimos Resultados do Super Sete<\/h3>\n<p><lu><\/p>\n<li><a href=\"https:\/\/migracao.redenoticia.com.br\/noticia\/2023\/super-sete-resultado-do-concurso-345-sorteado-sexta-feira-13-01-2023\/228292\">Super Sete 345<\/a><\/li>\n<li><a href=\"https:\/\/migracao.redenoticia.com.br\/noticia\/2023\/super-sete-resultado-do-concurso-344-sorteado-quarta-feira-11-01-2023\/228220\">Super Sete 344<\/a><\/li>\n<li><a href=\"https:\/\/migracao.redenoticia.com.br\/noticia\/2023\/super-sete-resultado-do-concurso-343-sorteado-segunda-feira-09-01-2023\/228131\">Super Sete 343<\/a><\/li>\n<li><a href=\"https:\/\/migracao.redenoticia.com.br\/noticia\/2023\/super-sete-resultado-do-concurso-342-sorteado-sexta-feira-06-01-2023\/228037\">Super Sete 342<\/a><\/li>\n<li><a href=\"https:\/\/migracao.redenoticia.com.br\/noticia\/2023\/super-sete-resultado-do-concurso-341-sorteado-quarta-feira-04-01-2023\/227968\">Super Sete 341<\/a><\/li>\n<p><\/lu><\/p>\n","protected":false},"excerpt":{"rendered":"<p>Super Sete 345 &#8211; Resultado, rateio e ganhadores do Super Sete 345 sorteado em 13\/01\/2023.<\/p>\n","protected":false},"author":5,"featured_media":198345,"comment_status":"closed","ping_status":"","sticky":false,"template":"","format":"standard","meta":{"tdm_status":"","tdm_grid_status":"","footnotes":""},"categories":[335,2074],"tags":[],"class_list":{"0":"post-228292","1":"post","2":"type-post","3":"status-publish","4":"format-standard","5":"has-post-thumbnail","7":"category-loteria","8":"category-super-sete"},"_links":{"self":[{"href":"https:\/\/migracao.redenoticia.com.br\/noticia\/wp-json\/wp\/v2\/posts\/228292","targetHints":{"allow":["GET"]}}],"collection":[{"href":"https:\/\/migracao.redenoticia.com.br\/noticia\/wp-json\/wp\/v2\/posts"}],"about":[{"href":"https:\/\/migracao.redenoticia.com.br\/noticia\/wp-json\/wp\/v2\/types\/post"}],"author":[{"embeddable":true,"href":"https:\/\/migracao.redenoticia.com.br\/noticia\/wp-json\/wp\/v2\/users\/5"}],"replies":[{"embeddable":true,"href":"https:\/\/migracao.redenoticia.com.br\/noticia\/wp-json\/wp\/v2\/comments?post=228292"}],"version-history":[{"count":0,"href":"https:\/\/migracao.redenoticia.com.br\/noticia\/wp-json\/wp\/v2\/posts\/228292\/revisions"}],"wp:featuredmedia":[{"embeddable":true,"href":"https:\/\/migracao.redenoticia.com.br\/noticia\/wp-json\/wp\/v2\/media\/198345"}],"wp:attachment":[{"href":"https:\/\/migracao.redenoticia.com.br\/noticia\/wp-json\/wp\/v2\/media?parent=228292"}],"wp:term":[{"taxonomy":"category","embeddable":true,"href":"https:\/\/migracao.redenoticia.com.br\/noticia\/wp-json\/wp\/v2\/categories?post=228292"},{"taxonomy":"post_tag","embeddable":true,"href":"https:\/\/migracao.redenoticia.com.br\/noticia\/wp-json\/wp\/v2\/tags?post=228292"}],"curies":[{"name":"wp","href":"https:\/\/api.w.org\/{rel}","templated":true}]}}