{"id":228505,"date":"2023-01-19T20:22:24","date_gmt":"2023-01-19T23:22:24","guid":{"rendered":"https:\/\/www.redenoticia.com.br\/noticia\/2023\/dia-de-sorte-resultado-do-concurso-709-sorteado-quinta-feira-19-01-2023\/228505"},"modified":"2023-01-20T07:32:53","modified_gmt":"2023-01-20T10:32:53","slug":"dia-de-sorte-resultado-do-concurso-709-sorteado-quinta-feira-19-01-2023","status":"publish","type":"post","link":"https:\/\/migracao.redenoticia.com.br\/noticia\/2023\/dia-de-sorte-resultado-do-concurso-709-sorteado-quinta-feira-19-01-2023\/228505","title":{"rendered":"Dia de Sorte: Resultado do concurso 709 sorteado  Quinta-feira 19\/01\/2023"},"content":{"rendered":"<p>Resultado do Dia de Sorte, concurso 709, realizado na  Quinta-feira, dia 19\/01\/2023, no Espa\u00e7o da Sorte, na cidade de S\u00e3o Paulo: <\/p>\n<h2>N\u00fameros Sorteados Dia de Sorte 709<\/h2>\n<div style =\"font-size: 1.3em;margin-bottom:20px;\"><b><span class=\"numberCircleDiaDeSorte\">01<\/span><\/td>\n<p> <span class=\"numberCircleDiaDeSorte\">04<\/span><\/td>\n<p> <span class=\"numberCircleDiaDeSorte\">07<\/span><\/td>\n<p> <span class=\"numberCircleDiaDeSorte\">09<\/span><\/td>\n<p> <span class=\"numberCircleDiaDeSorte\">20<\/span><\/td>\n<p> <span class=\"numberCircleDiaDeSorte\">25<\/span><\/td>\n<p> <span class=\"numberCircleDiaDeSorte\">31<\/span><\/td>\n<p>M\u00eas da Sorte: Fevereiro<\/b> <\/div>\n<h2>Premia\u00e7\u00e3o Dia de Sorte 709<\/h2>\n<table>\n<tr>\n<th>Acertos<\/th>\n<th>Ganhad.<\/th>\n<th>Pr\u00eamio<\/th>\n<\/tr>\n<tr>\n<td>  7  <\/td>\n<td>0<\/td>\n<td>0,00<\/td>\n<\/tr>\n<tr>\n<td>  6 <\/td>\n<td>35<\/td>\n<td>1.931,30<\/td>\n<\/tr>\n<tr>\n<td>  5 <\/td>\n<td>1.413<\/td>\n<td>20,00<\/td>\n<\/tr>\n<tr>\n<td>  4 <\/td>\n<td>17.048<\/td>\n<td>4,00<\/td>\n<\/tr>\n<tr>\n<td>  M\u00eas da Sorte <\/td>\n<td>52.664<\/td>\n<td>2,00<\/td>\n<\/tr>\n<\/table>\n<h2>Total de Apostas realizadas<\/h2>\n<p>No concurso 709 do Dia de Sorte foi realizado um total de 603.995 apostas.<\/p>\n<h2>Pr\u00f3ximo Sorteio da Dia de Sorte <\/h2>\n<p>O pr\u00f3ximo sorteio ser\u00e1 realizado S\u00e1bado 21\/01\/2023, no Espa\u00e7o da Sorte, na cidade de S\u00e3o Paulo. O pr\u00eamio previsto \u00e9 de R$ 300.000,00.<\/p>\n<h3>\u00daltimos Resultados do Dia de Sorte<\/h3>\n<p><lu><\/p>\n<li><a href=\"https:\/\/migracao.redenoticia.com.br\/noticia\/2023\/dia-de-sorte-resultado-do-concurso-709-sorteado-quinta-feira-19-01-2023\/228505\">Dia de Sorte 709<\/a><\/li>\n<li><a href=\"https:\/\/migracao.redenoticia.com.br\/noticia\/2023\/dia-de-sorte-resultado-do-concurso-708-sorteado-terca-feira-17-01-2023\/228417\">Dia de Sorte 708<\/a><\/li>\n<li><a href=\"https:\/\/migracao.redenoticia.com.br\/noticia\/2023\/dia-de-sorte-resultado-do-concurso-707-sorteado-sabado-14-01-2023\/228331\">Dia de Sorte 707<\/a><\/li>\n<li><a href=\"https:\/\/migracao.redenoticia.com.br\/noticia\/2023\/dia-de-sorte-resultado-do-concurso-706-sorteado-quinta-feira-12-01-2023\/228263\">Dia de Sorte 706<\/a><\/li>\n<li><a href=\"https:\/\/migracao.redenoticia.com.br\/noticia\/2023\/dia-de-sorte-resultado-do-concurso-705-sorteado-terca-feira-10-01-2023\/228170\">Dia de Sorte 705<\/a><\/li>\n<p><\/lu><\/p>\n","protected":false},"excerpt":{"rendered":"<p>Dia de Sorte 709 &#8211; Resultado, rateio e ganhadores do Dia de Sorte 709 sorteado em 19\/01\/2023.<\/p>\n","protected":false},"author":5,"featured_media":196327,"comment_status":"closed","ping_status":"","sticky":false,"template":"","format":"standard","meta":{"tdm_status":"","tdm_grid_status":"","footnotes":""},"categories":[478,335],"tags":[],"class_list":{"0":"post-228505","1":"post","2":"type-post","3":"status-publish","4":"format-standard","5":"has-post-thumbnail","7":"category-dia-de-sorte","8":"category-loteria"},"_links":{"self":[{"href":"https:\/\/migracao.redenoticia.com.br\/noticia\/wp-json\/wp\/v2\/posts\/228505","targetHints":{"allow":["GET"]}}],"collection":[{"href":"https:\/\/migracao.redenoticia.com.br\/noticia\/wp-json\/wp\/v2\/posts"}],"about":[{"href":"https:\/\/migracao.redenoticia.com.br\/noticia\/wp-json\/wp\/v2\/types\/post"}],"author":[{"embeddable":true,"href":"https:\/\/migracao.redenoticia.com.br\/noticia\/wp-json\/wp\/v2\/users\/5"}],"replies":[{"embeddable":true,"href":"https:\/\/migracao.redenoticia.com.br\/noticia\/wp-json\/wp\/v2\/comments?post=228505"}],"version-history":[{"count":0,"href":"https:\/\/migracao.redenoticia.com.br\/noticia\/wp-json\/wp\/v2\/posts\/228505\/revisions"}],"wp:featuredmedia":[{"embeddable":true,"href":"https:\/\/migracao.redenoticia.com.br\/noticia\/wp-json\/wp\/v2\/media\/196327"}],"wp:attachment":[{"href":"https:\/\/migracao.redenoticia.com.br\/noticia\/wp-json\/wp\/v2\/media?parent=228505"}],"wp:term":[{"taxonomy":"category","embeddable":true,"href":"https:\/\/migracao.redenoticia.com.br\/noticia\/wp-json\/wp\/v2\/categories?post=228505"},{"taxonomy":"post_tag","embeddable":true,"href":"https:\/\/migracao.redenoticia.com.br\/noticia\/wp-json\/wp\/v2\/tags?post=228505"}],"curies":[{"name":"wp","href":"https:\/\/api.w.org\/{rel}","templated":true}]}}