{"id":22856,"date":"2010-02-02T09:13:02","date_gmt":"2010-02-02T13:13:02","guid":{"rendered":"http:\/\/www.redenoticia.com.br\/noticia\/?p=22856"},"modified":"2010-02-02T09:13:02","modified_gmt":"2010-02-02T13:13:02","slug":"gabarito-do-concurso-de-areal-saaesa-publicado-pela-gualimp","status":"publish","type":"post","link":"https:\/\/migracao.redenoticia.com.br\/noticia\/2010\/gabarito-do-concurso-de-areal-saaesa-publicado-pela-gualimp\/22856","title":{"rendered":"Gabarito do concurso de Areal SAAESA publicado pela GUALIMP"},"content":{"rendered":"<p>O <strong><em>gabarito<\/em><\/strong> do <strong><em>concurso<\/em><\/strong> p\u00fablico em <strong><em>Areal-RJ SAAESA<\/em><\/strong> foi publicado no endere\u00e7o <a href=\"http:\/\/www.gualimp.com.br\/\" target=\"_blank\">www.gualimp.com.br<\/a>. O candidato ou seu procurador com outorga para tal fim, ap\u00f3s a publica\u00e7\u00e3o do edital de divulga\u00e7\u00e3o dos gabaritos oficiais, feito \u00e0s 8 horas do dia 02 de fevereiro de 2010, no endere\u00e7o eletr\u00f4nico www.gualimp.com.br e www.areal.rj.gov.br, poder\u00e1 peticionar RECURSO \u00e0 banca examinadora, quando julgar que ocorreu erro na formula\u00e7\u00e3o das quest\u00f5es e do gabarito, em prazo n\u00e3o superior a 02 ( dois ) dias \u00fateis ap\u00f3s sua divulga\u00e7\u00e3o, ou seja at\u00e9 o dia 03 de fevereiro de 2010.<\/p>\n<p>As peti\u00e7\u00f5es dever\u00e3o ser elaboradas em formul\u00e1rio pr\u00f3prio que poder\u00e1 ser retirado gratuitamente no endere\u00e7o eletr\u00f4nico <a href=\"http:\/\/www.gualimp.com.br\/\" target=\"_blank\">www.gualimp.com.br<\/a>, devendo estar MINUCIOSAMENTE fundamentadas e contendo argumenta\u00e7\u00e3o l\u00f3gica,<\/p>\n<p>consistente e com bibliografia pesquisada pelo candidato, referente a cada quest\u00e3o, bem como os dados completos para sua identifica\u00e7\u00e3o e do candidato, e dever\u00e1 ser remetido via SEDEX, para sede da Gualimp \u2013 Assessoria e Consultoria Ltda para o devido julgamento, no endere\u00e7o: Rua Manoel Alves de Siqueira, 41, Bairro Bela Vista,Gua\u00e7u\u00ed-ES \u2013 CEP 29.560-000.<\/p>\n<p>Somente ser\u00e3o aceitos os RECURSOS enviados via SEDEX com a data<\/p>\n<p>de postagem at\u00e9 o dia 03 de fevereiro de 2010. Os recursos intempestivos ser\u00e3o desconsiderados e os inconsistentes ser\u00e3o indeferidos. A decis\u00e3o proferida pela Banca Examinadora do Concurso P\u00fablico tem car\u00e1ter irrecorr\u00edvel na esfera administrativa, n\u00e3o cabendo recursos adicionais de revis\u00e3o.Os pontos das quest\u00f5es que por ventura venham a ser anulada, ap\u00f3s o julgamento dos recursos, ser\u00e3o atribu\u00eddos a todos os candidatos indistintamente. Todas as respostas dos recursos impetrados pelos candidatos nas diversas fases do concurso, ser\u00e3o disponibilizadas no endere\u00e7o eletr\u00f4nico www.gualimp.com.br e www.areal.rj.gov.br, n\u00e3o sendo encaminhadas respostas individuais aos candidatos.<\/p>\n<p>Gabarito do concurso de Areal SAAESA<\/p>\n","protected":false},"excerpt":{"rendered":"<p>O gabarito do concurso p\u00fablico em Areal-RJ SAAESA foi publicado no endere\u00e7o www.gualimp.com.br. O candidato ou seu procurador com outorga para tal fim, ap\u00f3s a publica\u00e7\u00e3o do edital de divulga\u00e7\u00e3o dos gabaritos oficiais, feito \u00e0s 8 horas do dia 02 de fevereiro de 2010, no endere\u00e7o eletr\u00f4nico www.gualimp.com.br e www.areal.rj.gov.br, poder\u00e1 peticionar RECURSO \u00e0 banca [&hellip;]<\/p>\n","protected":false},"author":3,"featured_media":0,"comment_status":"open","ping_status":"open","sticky":false,"template":"","format":"standard","meta":{"tdm_status":"","tdm_grid_status":"","footnotes":""},"categories":[22,352,370],"tags":[],"class_list":{"0":"post-22856","1":"post","2":"type-post","3":"status-publish","4":"format-standard","6":"category-brasil","7":"category-concursos","8":"category-inscricao"},"_links":{"self":[{"href":"https:\/\/migracao.redenoticia.com.br\/noticia\/wp-json\/wp\/v2\/posts\/22856","targetHints":{"allow":["GET"]}}],"collection":[{"href":"https:\/\/migracao.redenoticia.com.br\/noticia\/wp-json\/wp\/v2\/posts"}],"about":[{"href":"https:\/\/migracao.redenoticia.com.br\/noticia\/wp-json\/wp\/v2\/types\/post"}],"author":[{"embeddable":true,"href":"https:\/\/migracao.redenoticia.com.br\/noticia\/wp-json\/wp\/v2\/users\/3"}],"replies":[{"embeddable":true,"href":"https:\/\/migracao.redenoticia.com.br\/noticia\/wp-json\/wp\/v2\/comments?post=22856"}],"version-history":[{"count":0,"href":"https:\/\/migracao.redenoticia.com.br\/noticia\/wp-json\/wp\/v2\/posts\/22856\/revisions"}],"wp:attachment":[{"href":"https:\/\/migracao.redenoticia.com.br\/noticia\/wp-json\/wp\/v2\/media?parent=22856"}],"wp:term":[{"taxonomy":"category","embeddable":true,"href":"https:\/\/migracao.redenoticia.com.br\/noticia\/wp-json\/wp\/v2\/categories?post=22856"},{"taxonomy":"post_tag","embeddable":true,"href":"https:\/\/migracao.redenoticia.com.br\/noticia\/wp-json\/wp\/v2\/tags?post=22856"}],"curies":[{"name":"wp","href":"https:\/\/api.w.org\/{rel}","templated":true}]}}