{"id":22860,"date":"2010-02-02T10:10:20","date_gmt":"2010-02-02T14:10:20","guid":{"rendered":"http:\/\/www.redenoticia.com.br\/noticia\/?p=22860"},"modified":"2010-02-02T10:14:59","modified_gmt":"2010-02-02T14:14:59","slug":"gabarito-cesgranrio-da-prova-para-promocao-de-professores-sp","status":"publish","type":"post","link":"https:\/\/migracao.redenoticia.com.br\/noticia\/2010\/gabarito-cesgranrio-da-prova-para-promocao-de-professores-sp\/22860","title":{"rendered":"Gabarito Cesgranrio da prova para Promo\u00e7\u00e3o de Professores SP"},"content":{"rendered":"<p><strong><em>Gabarito Cesgranrio Promo\u00e7\u00e3o de Professores SP<\/em><\/strong> &#8211; foi divulgado pela Cesgranrio o gabarito e provas do Processo de Promo\u00e7\u00e3o dos integrantes das Classes de Docentes \u2013 Professor Educa\u00e7\u00e3o B\u00e1sica I e Professor Educa\u00e7\u00e3o B\u00e1sica II, Classes de Suporte Pedag\u00f3gico \u2013 Supervisor de Ensino e Diretor de Escola e de Suporte Pedag\u00f3gico em Extin\u00e7\u00e3o \u2013 Coordenador Pedag\u00f3gico e Assistente Diretor de Escola, do Quadro do Magist\u00e9rio da Secretaria da Educa\u00e7\u00e3o do Estado de S\u00e3o Paulo. O gabarito e as provas est\u00e3o publicados no endere\u00e7o\u00a0<a href=\"http:\/\/www.cesgranrio.org.br\/eventos\/concursos\/seesp0109\/seesp0109.html\" target=\"_blank\"><strong><em>www.cesgranrio.org.br<\/em><\/strong>.<\/a><\/p>\n<p>O Processo de Promo\u00e7\u00e3o constou de prova sobre os perfis de compet\u00eancias e habilidades requeridos para professores da rede p\u00fablica estadual e a\u00a0respectiva bibliografia, definidos na Resolu\u00e7\u00e3o SEE 80, de 3-11-2009.\u00a0A prova foi constitu\u00edda de duas partes, sendo:1\u00aa parte objetiva, composta de 60 (sessenta) quest\u00f5es, avaliada de 0 (zero) a 10 (dez) pontos; e 2\u00aa parte dissertativa, composta de 1 (uma) quest\u00e3o, avaliada de 0 (zero) a 10 (dez) pontos.<\/p>\n<p>No caso de Professor de Educa\u00e7\u00e3o B\u00e1sica II, a parte objetiva foi composta por quest\u00f5es referenciadas ao perfil espec\u00edfico a cada disciplina e \u00e0 parte geral, comum a todas as \u00e1reas, conforme Resolu\u00e7\u00e3o SEE 80, de 3-11-2009. A parte dissertativa foi sobre a parte geral, comum a todas as \u00e1reas.<\/p>\n<p>A nota da 1\u00aa parte da prova e da 2\u00aa parte da prova ser\u00e3o somadas, obtendo-se a m\u00e9dia que ser\u00e1 considerada como nota do candidato na prova.Ser\u00e1 considerado aprovado o candidato que obtiver nota igual ou superior a 6 (seis) pontos. Ser\u00e3o promovidos, os candidatos aprovados e classificados dentro do percentual de 20% previsto para promo\u00e7\u00e3o.<\/p>\n<p>Gabarito Cesgranrio Promo\u00e7\u00e3o de Professores SP<\/p>\n","protected":false},"excerpt":{"rendered":"<p>Gabarito Cesgranrio Promo\u00e7\u00e3o de Professores SP &#8211; foi divulgado pela Cesgranrio o gabarito e provas do Processo de Promo\u00e7\u00e3o dos integrantes das Classes de Docentes \u2013 Professor Educa\u00e7\u00e3o B\u00e1sica I e Professor Educa\u00e7\u00e3o B\u00e1sica II, Classes de Suporte Pedag\u00f3gico \u2013 Supervisor de Ensino e Diretor de Escola e de Suporte Pedag\u00f3gico em Extin\u00e7\u00e3o \u2013 Coordenador [&hellip;]<\/p>\n","protected":false},"author":3,"featured_media":0,"comment_status":"open","ping_status":"open","sticky":false,"template":"","format":"standard","meta":{"tdm_status":"","tdm_grid_status":"","footnotes":""},"categories":[22,352,370],"tags":[],"class_list":{"0":"post-22860","1":"post","2":"type-post","3":"status-publish","4":"format-standard","6":"category-brasil","7":"category-concursos","8":"category-inscricao"},"_links":{"self":[{"href":"https:\/\/migracao.redenoticia.com.br\/noticia\/wp-json\/wp\/v2\/posts\/22860","targetHints":{"allow":["GET"]}}],"collection":[{"href":"https:\/\/migracao.redenoticia.com.br\/noticia\/wp-json\/wp\/v2\/posts"}],"about":[{"href":"https:\/\/migracao.redenoticia.com.br\/noticia\/wp-json\/wp\/v2\/types\/post"}],"author":[{"embeddable":true,"href":"https:\/\/migracao.redenoticia.com.br\/noticia\/wp-json\/wp\/v2\/users\/3"}],"replies":[{"embeddable":true,"href":"https:\/\/migracao.redenoticia.com.br\/noticia\/wp-json\/wp\/v2\/comments?post=22860"}],"version-history":[{"count":0,"href":"https:\/\/migracao.redenoticia.com.br\/noticia\/wp-json\/wp\/v2\/posts\/22860\/revisions"}],"wp:attachment":[{"href":"https:\/\/migracao.redenoticia.com.br\/noticia\/wp-json\/wp\/v2\/media?parent=22860"}],"wp:term":[{"taxonomy":"category","embeddable":true,"href":"https:\/\/migracao.redenoticia.com.br\/noticia\/wp-json\/wp\/v2\/categories?post=22860"},{"taxonomy":"post_tag","embeddable":true,"href":"https:\/\/migracao.redenoticia.com.br\/noticia\/wp-json\/wp\/v2\/tags?post=22860"}],"curies":[{"name":"wp","href":"https:\/\/api.w.org\/{rel}","templated":true}]}}