{"id":22865,"date":"2010-02-02T10:39:52","date_gmt":"2010-02-02T14:39:52","guid":{"rendered":"http:\/\/www.redenoticia.com.br\/noticia\/?p=22865"},"modified":"2010-02-02T10:39:52","modified_gmt":"2010-02-02T14:39:52","slug":"inscricao-sisu-%e2%80%93-nota-de-corte-enem-publicada-pelo-mec","status":"publish","type":"post","link":"https:\/\/migracao.redenoticia.com.br\/noticia\/2010\/inscricao-sisu-%e2%80%93-nota-de-corte-enem-publicada-pelo-mec\/22865","title":{"rendered":"Inscri\u00e7\u00e3o SISU \u2013 nota de corte Enem publicada pelo MEC"},"content":{"rendered":"<p><strong><em><img loading=\"lazy\" decoding=\"async\" class=\"alignleft size-full wp-image-22752\" title=\"sisu enem mec\" src=\"https:\/\/migracao.redenoticia.com.br\/noticia\/imagens\/sisu-enem-mec.jpg\" alt=\"\" width=\"300\" height=\"193\" srcset=\"https:\/\/migracao.redenoticia.com.br\/noticia\/imagens\/sisu-enem-mec.jpg 300w, https:\/\/migracao.redenoticia.com.br\/noticia\/imagens\/sisu-enem-mec-250x161.jpg 250w, https:\/\/migracao.redenoticia.com.br\/noticia\/imagens\/sisu-enem-mec-150x97.jpg 150w\" sizes=\"auto, (max-width: 300px) 100vw, 300px\" \/>SISU<\/em><\/strong> \u2013 A partir desta ter\u00e7a-feira, 02, segundo o <strong><em>MEC<\/em><\/strong>, ser\u00e1 poss\u00edvel consultar as <strong><em>notas de corte<\/em><\/strong> dos cursos dispon\u00edveis no SISU e a rela\u00e7\u00e3o candidato\/vaga em cada uma das op\u00e7\u00f5es do SISU. \u00c9 importante o aluno <strong><em>Enem<\/em><\/strong> efetuar esta consulta, no mesmo endere\u00e7o de <strong><em>inscri\u00e7\u00e3o<\/em><\/strong> <a href=\"http:\/\/sisu.mec.gov.br\/index.html\">http:\/\/<strong><em>sisu.mec.gov.br<\/em><\/strong>\/index.html<\/a> porque at\u00e9 amanh\u00e3 (03\/02), ser\u00e1 poss\u00edvel alterar dados na inscri\u00e7\u00e3o SISU. Uma \u00fanica vez por dia o SISU calcula a nota de corte (menor nota para ficar entre os potencialmente selecionados) para cada curso com base no n\u00famero de vagas dispon\u00edveis no SISU e no total dos candidatos Enem inscritos naquele curso.<\/p>\n<p>A nota de corte \u00e9 apenas uma refer\u00eancia para auxiliar o candidato Enem no monitoramento de sua inscri\u00e7\u00e3o SISU, n\u00e3o sendo garantia de sele\u00e7\u00e3o para a vaga ofertada. O sistema n\u00e3o faz o c\u00e1lculo em tempo real e a nota de corte se modifica de acordo com a nota dos inscritos. A nota de corte s\u00f3 ser\u00e1 informada pelo sistema a partir do segundo dia de inscri\u00e7\u00e3o em cada etapa.<\/p>\n<p>No caso de notas iguais, o desempate SISU entre os candidatos Enem ser\u00e1 efetuado considerando-se a seguinte ordem de crit\u00e9rios: Nota obtida na reda\u00e7\u00e3o; Nota obtida na prova de Linguagens, C\u00f3digos e Suas Tecnologias; Nota obtida na prova de Matem\u00e1tica e suas Tecnologias; Nota obtida na prova de Ci\u00eancias da Natureza e suas Tecnologias; e Nota obtida na prova de Ci\u00eancias Humanas e suas Tecnologias.<\/p>\n<p>Em cada etapa de inscri\u00e7\u00e3o, cada candidato poder\u00e1 se inscrever em uma \u00fanica op\u00e7\u00e3o de curso. Por\u00e9m, esta op\u00e7\u00e3o pode ser alterada sempre que o candidato achar conveniente, at\u00e9 a data limite de cada per\u00edodo de inscri\u00e7\u00e3o. O resultado do candidato referente \u00e0 primeira etapa estar\u00e1 dispon\u00edvel no portal SISU dia 05\/02, segundo cronograma MEC, nas institui\u00e7\u00f5es participantes e na Central de Atendimento do MEC, no telefone 0800.616161.<\/p>\n<p>Inscri\u00e7\u00e3o SISU \u2013 nota de corte Enem<\/p>\n","protected":false},"excerpt":{"rendered":"<p>SISU \u2013 A partir desta ter\u00e7a-feira, 02, segundo o MEC, ser\u00e1 poss\u00edvel consultar as notas de corte dos cursos dispon\u00edveis no SISU e a rela\u00e7\u00e3o candidato\/vaga em cada uma das op\u00e7\u00f5es do SISU. \u00c9 importante o aluno Enem efetuar esta consulta, no mesmo endere\u00e7o de inscri\u00e7\u00e3o http:\/\/sisu.mec.gov.br\/index.html porque at\u00e9 amanh\u00e3 (03\/02), ser\u00e1 poss\u00edvel alterar dados [&hellip;]<\/p>\n","protected":false},"author":3,"featured_media":22752,"comment_status":"open","ping_status":"open","sticky":false,"template":"","format":"standard","meta":{"tdm_status":"","tdm_grid_status":"","footnotes":""},"categories":[22,370,295],"tags":[],"class_list":{"0":"post-22865","1":"post","2":"type-post","3":"status-publish","4":"format-standard","5":"has-post-thumbnail","7":"category-brasil","8":"category-inscricao","9":"category-vestibular"},"_links":{"self":[{"href":"https:\/\/migracao.redenoticia.com.br\/noticia\/wp-json\/wp\/v2\/posts\/22865","targetHints":{"allow":["GET"]}}],"collection":[{"href":"https:\/\/migracao.redenoticia.com.br\/noticia\/wp-json\/wp\/v2\/posts"}],"about":[{"href":"https:\/\/migracao.redenoticia.com.br\/noticia\/wp-json\/wp\/v2\/types\/post"}],"author":[{"embeddable":true,"href":"https:\/\/migracao.redenoticia.com.br\/noticia\/wp-json\/wp\/v2\/users\/3"}],"replies":[{"embeddable":true,"href":"https:\/\/migracao.redenoticia.com.br\/noticia\/wp-json\/wp\/v2\/comments?post=22865"}],"version-history":[{"count":0,"href":"https:\/\/migracao.redenoticia.com.br\/noticia\/wp-json\/wp\/v2\/posts\/22865\/revisions"}],"wp:featuredmedia":[{"embeddable":true,"href":"https:\/\/migracao.redenoticia.com.br\/noticia\/wp-json\/wp\/v2\/media\/22752"}],"wp:attachment":[{"href":"https:\/\/migracao.redenoticia.com.br\/noticia\/wp-json\/wp\/v2\/media?parent=22865"}],"wp:term":[{"taxonomy":"category","embeddable":true,"href":"https:\/\/migracao.redenoticia.com.br\/noticia\/wp-json\/wp\/v2\/categories?post=22865"},{"taxonomy":"post_tag","embeddable":true,"href":"https:\/\/migracao.redenoticia.com.br\/noticia\/wp-json\/wp\/v2\/tags?post=22865"}],"curies":[{"name":"wp","href":"https:\/\/api.w.org\/{rel}","templated":true}]}}