{"id":22868,"date":"2010-02-02T11:23:23","date_gmt":"2010-02-02T15:23:23","guid":{"rendered":"http:\/\/www.redenoticia.com.br\/noticia\/?p=22868"},"modified":"2010-02-03T11:40:45","modified_gmt":"2010-02-03T15:40:45","slug":"o-et-do-sbt-claudio-chirinian-morreu-nesta-manha-0202","status":"publish","type":"post","link":"https:\/\/migracao.redenoticia.com.br\/noticia\/2010\/o-et-do-sbt-claudio-chirinian-morreu-nesta-manha-0202\/22868","title":{"rendered":"O ET do SBT, Cl\u00e1udio Chirinian, morreu nesta manh\u00e3 (02\/02)"},"content":{"rendered":"<p><strong><em>ET<\/em><\/strong>\u00a0\u00a0(<strong><em>Claudio Chirinian<\/em><\/strong>)\u00a0ficou famoso ao lado de <strong><em>Rodolfo<\/em><\/strong> nos programas da emissora <strong><em>SBT<\/em><\/strong> nos anos 90. Com ET, Rodolfo gravou um CD com m\u00fasicas humor\u00edsticas que vendeu mais de 250 mil c\u00f3pias. Rodolfo come\u00e7ou a carreira como rep\u00f3rter na R\u00e1dio Cruzeiro, no munic\u00edpio de\u00a0Cruzeiro. Posteriormente, foi assistente do apresentador Ratinho\u00a0no programa\u00a0190 Urgente, na\u00a0CNT\/Gazeta. Juntamente com o apresentador, transferiu-se para a\u00a0Rede Record\u00a0em\u00a01997, onde tornou-se conhecido nacionalmente quando comp\u00f4s uma dupla humor\u00edstica ET &amp; Rodolfo no programa\u00a0Ratinho Livre. O sucesso da dupla fez Rodolfo e seu parceiro serem contratado pelo SBT em fevereiro de 1998, para trabalharem no programa\u00a0Domingo Legal. No programa, a dupla possu\u00eda um quadro fixo, onde acordavam artistas, incluindo v\u00e1rias tentativas frustradas de acordar o pr\u00f3prio dono do\u00a0SBT,\u00a0S\u00edlvio Santos.\u00a0<\/p>\n<p>O SBT lamenta a morte de Cl\u00e1udio Chirinian.\u00a0O humorista faleceu na madrugada desta ter\u00e7a, 2 de fevereiro, aos 46 anos por uma parada card\u00edaca em decorr\u00eancia de choque s\u00e9ptico, broncopneumonia e insufici\u00eancia renal.\u00a0<\/p>\n<p>Cl\u00e1udio sofria de problemas card\u00edacos, al\u00e9m de pulmonares devido ao tabagismo, e estava em coma induzido desde a \u00faltima quinta, 28 de janeiro, no hospital Benefic\u00eancia Portuguesa, em S\u00e3o Paulo.<\/p>\n<p>O humorista ficou conhecido por seu personagem ET, ao lado de Rodolfo, nos programas &#8220;Ratinho Livre&#8221;, &#8220;Domingo Legal&#8221;, al\u00e9m de participa\u00e7\u00f5es especiais em outros programas da emissora, como o &#8220;Programa Silvio Santos&#8221;, onde gravou c\u00e2meras escondidas.<\/p>\n<p>SBT &#8211; ET Cl\u00e1udio Chirinian<\/p>\n","protected":false},"excerpt":{"rendered":"<p>ET\u00a0\u00a0(Claudio Chirinian)\u00a0ficou famoso ao lado de Rodolfo nos programas da emissora SBT nos anos 90. Com ET, Rodolfo gravou um CD com m\u00fasicas humor\u00edsticas que vendeu mais de 250 mil c\u00f3pias. Rodolfo come\u00e7ou a carreira como rep\u00f3rter na R\u00e1dio Cruzeiro, no munic\u00edpio de\u00a0Cruzeiro. Posteriormente, foi assistente do apresentador Ratinho\u00a0no programa\u00a0190 Urgente, na\u00a0CNT\/Gazeta. Juntamente com o [&hellip;]<\/p>\n","protected":false},"author":3,"featured_media":0,"comment_status":"open","ping_status":"open","sticky":false,"template":"","format":"standard","meta":{"tdm_status":"","tdm_grid_status":"","footnotes":""},"categories":[22,372,343],"tags":[],"class_list":{"0":"post-22868","1":"post","2":"type-post","3":"status-publish","4":"format-standard","6":"category-brasil","7":"category-sbt","8":"category-televisao"},"_links":{"self":[{"href":"https:\/\/migracao.redenoticia.com.br\/noticia\/wp-json\/wp\/v2\/posts\/22868","targetHints":{"allow":["GET"]}}],"collection":[{"href":"https:\/\/migracao.redenoticia.com.br\/noticia\/wp-json\/wp\/v2\/posts"}],"about":[{"href":"https:\/\/migracao.redenoticia.com.br\/noticia\/wp-json\/wp\/v2\/types\/post"}],"author":[{"embeddable":true,"href":"https:\/\/migracao.redenoticia.com.br\/noticia\/wp-json\/wp\/v2\/users\/3"}],"replies":[{"embeddable":true,"href":"https:\/\/migracao.redenoticia.com.br\/noticia\/wp-json\/wp\/v2\/comments?post=22868"}],"version-history":[{"count":0,"href":"https:\/\/migracao.redenoticia.com.br\/noticia\/wp-json\/wp\/v2\/posts\/22868\/revisions"}],"wp:attachment":[{"href":"https:\/\/migracao.redenoticia.com.br\/noticia\/wp-json\/wp\/v2\/media?parent=22868"}],"wp:term":[{"taxonomy":"category","embeddable":true,"href":"https:\/\/migracao.redenoticia.com.br\/noticia\/wp-json\/wp\/v2\/categories?post=22868"},{"taxonomy":"post_tag","embeddable":true,"href":"https:\/\/migracao.redenoticia.com.br\/noticia\/wp-json\/wp\/v2\/tags?post=22868"}],"curies":[{"name":"wp","href":"https:\/\/api.w.org\/{rel}","templated":true}]}}