{"id":22870,"date":"2010-02-02T11:39:51","date_gmt":"2010-02-02T15:39:51","guid":{"rendered":"http:\/\/www.redenoticia.com.br\/noticia\/?p=22870"},"modified":"2018-08-13T10:50:54","modified_gmt":"2018-08-13T13:50:54","slug":"bbb-10-votacao-legal-e-chato-mostra-divisao-da-casa","status":"publish","type":"post","link":"https:\/\/migracao.redenoticia.com.br\/noticia\/2010\/bbb-10-votacao-legal-e-chato-mostra-divisao-da-casa\/22870","title":{"rendered":"BBB 10 &#8211; vota\u00e7\u00e3o \u201cLegal\u201d e \u201cChato\u201d mostra divis\u00e3o da casa"},"content":{"rendered":"<p><img loading=\"lazy\" decoding=\"async\" class=\"alignleft size-full wp-image-22134\" title=\"BBB 10 Rede Globo\" src=\"https:\/\/migracao.redenoticia.com.br\/noticia\/imagens\/BBB-10-Rede-Globo.jpg\" alt=\"\" width=\"300\" height=\"193\" srcset=\"https:\/\/migracao.redenoticia.com.br\/noticia\/imagens\/BBB-10-Rede-Globo.jpg 300w, https:\/\/migracao.redenoticia.com.br\/noticia\/imagens\/BBB-10-Rede-Globo-250x161.jpg 250w, https:\/\/migracao.redenoticia.com.br\/noticia\/imagens\/BBB-10-Rede-Globo-150x97.jpg 150w\" sizes=\"auto, (max-width: 300px) 100vw, 300px\" \/>O programa <strong><em>BBB 10<\/em><\/strong> da <strong><em>Rede Globo<\/em><\/strong> promoveu nesta segunda-feira (01\/02) uma vota\u00e7\u00e3o entre os participantes da casa, onde cada brother entregou uma placa de Legal e outra de Chato para companheiros de confinamento. A distribui\u00e7\u00e3o mostrou como a harmonia da casa BBB 10 est\u00e1 abalada.<\/p>\n<p>A primeira BBB 10 que entregou plaquinhas foi a l\u00edder Lia &#8211; Serginho (legal) e Alex (chato), na seq\u00fc\u00eancia, Anamara &#8211; Dicesar (legal) e Alex (chato), Dicesar &#8211; Eli\u00e9ser (legal) e Uilliam (chato), Alex &#8211; Eli\u00e9ser (legal) e Elenita (chata), Angelica &#8211; Lia (legal) e Eli\u00e9ser (chato), Eli\u00e9ser &#8211; Uilliam(legal) e Elenita (chata), Fernanda &#8211; Anamara (legal) e Cacau (chata), Uilliam &#8211; Michel (legal) e Ang\u00e9lica (chata), Serginho &#8211; Lia (legal) e Cadu (chato), Tess\u00e1lia &#8211; deu as duas plaquinhas para Michel, Dourado &#8211; Cadu (legal) e Michel (chato), Michel &#8211; Tess (legal) e Dourado (chato), Cadu &#8211; Fernanda (legal) e Serginho (chato), Elenita &#8211; Ang\u00e9lica (legal) e Cadu (chato), Cacau &#8211; Serginho (legal) e Angelica (chata).<\/p>\n<p>Os participantes do BBB 10 que receberam placas de Legal tamb\u00e9m receberam um cart\u00e3o, mas apenas Michel foi premiado com um dia de sorvete. Ele escolheu Tessalia e Uilliam para dividir o pr\u00eamio.<\/p>\n<p>O programa BBB 10 &#8211; o BBB 10 vai ao ar do dia 12 de janeiro at\u00e9 o dia 31 de mar\u00e7o, com uma final que garante ao vencedor da competi\u00e7\u00e3o o pr\u00eamio in\u00e9dito de R$ 1,5 milh\u00e3o.<\/p>\n<p>BBB 10<\/p>\n","protected":false},"excerpt":{"rendered":"<p>O programa BBB 10 da Rede Globo promoveu nesta segunda-feira (01\/02) uma vota\u00e7\u00e3o entre os participantes da casa, onde cada brother entregou uma placa de Legal e outra de Chato para companheiros de confinamento. A distribui\u00e7\u00e3o mostrou como a harmonia da casa BBB 10 est\u00e1 abalada. A primeira BBB 10 que entregou plaquinhas foi a [&hellip;]<\/p>\n","protected":false},"author":3,"featured_media":22134,"comment_status":"open","ping_status":"open","sticky":false,"template":"","format":"standard","meta":{"tdm_status":"","tdm_grid_status":"","footnotes":""},"categories":[520,22,375,343],"tags":[],"class_list":{"0":"post-22870","1":"post","2":"type-post","3":"status-publish","4":"format-standard","5":"has-post-thumbnail","7":"category-big-brother-brasil","8":"category-brasil","9":"category-rede-globo","10":"category-televisao"},"_links":{"self":[{"href":"https:\/\/migracao.redenoticia.com.br\/noticia\/wp-json\/wp\/v2\/posts\/22870","targetHints":{"allow":["GET"]}}],"collection":[{"href":"https:\/\/migracao.redenoticia.com.br\/noticia\/wp-json\/wp\/v2\/posts"}],"about":[{"href":"https:\/\/migracao.redenoticia.com.br\/noticia\/wp-json\/wp\/v2\/types\/post"}],"author":[{"embeddable":true,"href":"https:\/\/migracao.redenoticia.com.br\/noticia\/wp-json\/wp\/v2\/users\/3"}],"replies":[{"embeddable":true,"href":"https:\/\/migracao.redenoticia.com.br\/noticia\/wp-json\/wp\/v2\/comments?post=22870"}],"version-history":[{"count":0,"href":"https:\/\/migracao.redenoticia.com.br\/noticia\/wp-json\/wp\/v2\/posts\/22870\/revisions"}],"wp:featuredmedia":[{"embeddable":true,"href":"https:\/\/migracao.redenoticia.com.br\/noticia\/wp-json\/wp\/v2\/media\/22134"}],"wp:attachment":[{"href":"https:\/\/migracao.redenoticia.com.br\/noticia\/wp-json\/wp\/v2\/media?parent=22870"}],"wp:term":[{"taxonomy":"category","embeddable":true,"href":"https:\/\/migracao.redenoticia.com.br\/noticia\/wp-json\/wp\/v2\/categories?post=22870"},{"taxonomy":"post_tag","embeddable":true,"href":"https:\/\/migracao.redenoticia.com.br\/noticia\/wp-json\/wp\/v2\/tags?post=22870"}],"curies":[{"name":"wp","href":"https:\/\/api.w.org\/{rel}","templated":true}]}}