{"id":2288,"date":"2009-06-03T18:42:27","date_gmt":"2009-06-03T22:42:27","guid":{"rendered":"http:\/\/www.redenoticia.com.br\/noticia\/?p=2288"},"modified":"2009-06-03T18:42:27","modified_gmt":"2009-06-03T22:42:27","slug":"nova-diretoria-da-acirm-toma-posse","status":"publish","type":"post","link":"https:\/\/migracao.redenoticia.com.br\/noticia\/2009\/nova-diretoria-da-acirm-toma-posse\/2288","title":{"rendered":"Nova diretoria da ACIRM toma posse"},"content":{"rendered":"<p class=\"MsoNormal\"><span style=\"font-size: 11pt; font-family: Arial;\">Na noite da \u00faltima sexta-feira (29), a nova diretoria da Associa\u00e7\u00e3o Comercial e Industrial de Rolim de Moura (ACIRM), eleita no dia tomou posse. Autoridades, empres\u00e1rios e comunidade participaram do evento, al\u00e9m de diretores de outras Associa\u00e7\u00f5es Empresariais (ACE\u2019s) do Estado e representantes da Federa\u00e7\u00e3o das Associa\u00e7\u00f5es Comerciais e Empresariais de Rond\u00f4nia (Facer).<\/span><\/p>\n<p class=\"MsoNormal\"><span style=\"font-size: 11pt; font-family: Arial;\">Durante a cerim\u00f4nia, o presidente eleito, Luiz Ademir Schock confirmou que dar\u00e1 continuidade aos servi\u00e7os prestados at\u00e9 ent\u00e3o pela ACIRM e se compromissou em por em a\u00e7\u00e3o novos projetos para contribuir na nova gest\u00e3o. \u201cContamos com uma equipe dedicada para oferecer atendimento de qualidade aos associados. Queremos trabalhar de forma com que os mesmos invistam em suas empresas e utilizem a melhor a ferramenta que temos em m\u00e3os, que \u00e9 o associativismo\u201d, destacou.<\/span><\/p>\n<p class=\"MsoNormal\"><span style=\"font-size: 11pt; font-family: Arial;\">Atualmente a ACIRM aponta entre os benef\u00edcios conquistados pela entidade e por seus empres\u00e1rios o servi\u00e7o Serasa, o Trof\u00e9u ACIRM, a estrutura da sede para treinamentos, a videoteca para capacita\u00e7\u00e3o, os conv\u00eanios entre institui\u00e7\u00f5es, o cart\u00e3o ACIRM e outros mais. \u201cA ACIRM \u00e9 hoje uma entidade que participa de forma atuante no cotidiano da cidade. Uma vez que integra ativamente os conselhos municipais, a associa\u00e7\u00e3o possui uma rela\u00e7\u00e3o muito estreita com os respons\u00e1veis pelo desenvolvimento local e tem agido de forma a provocar uma postura mais \u00e9tica e de responsabilidade fiscal na administra\u00e7\u00e3o p\u00fablica\u201d, elogiou o presidente da Facer, Ednei Pereira. <\/span><\/p>\n<p class=\"MsoNormal\"><span style=\"font-size: 11pt; font-family: Arial;\">Tamb\u00e9m presente na posse, o senador Valdir Raupp ressaltou sobre o trabalho feito nos \u00faltimos anos na ACIRM que tem beneficiado toda a comunidade. \u201cEstamos ansiosos pelo desenvolvimento futuro desta cidade devido aos projetos de investimentos programados para Rolim de Moura. Contamos com a parceria e o apoio desta equipe arrojada que acaba de assumir a associa\u00e7\u00e3o e temos certeza do sucesso em mais uma gest\u00e3o\u201d, disse entusiasmado o senador. <\/span><\/p>\n<p class=\"MsoNormal\"><span style=\"font-size: 11pt; font-family: Arial;\">Associa\u00e7\u00f5es do interior integradas<span> <\/span><\/span><\/p>\n<p class=\"MsoNormal\"><span style=\"font-size: 11pt; font-family: Arial;\">O presidente da Associa\u00e7\u00e3o Comercial e Industrial de Ji-Paran\u00e1 (ACIJIP), Marcito Pinto, fez quest\u00e3o de prestigiar a posse da nova diretoria e destacou que o universo das associa\u00e7\u00f5es comerciais em todo o interior de Rond\u00f4nia, vive um momento singular, de conquistas. \u201cTemos feito o dever de casa, mostrando as classes empresariais e pol\u00edticas, qu\u00e3o importante \u00e9 o papel das ACE&#8217;s. N\u00e3o poderia deixar de prestigiar esta cerim\u00f4nia onde se desliga o presidente Pedro Raposo, que fez um excelente trabalho frente a entidade, e toma posse o empres\u00e1rio e amigo Luiz Schock. Tenho certeza que Rolim de Moura, colher\u00e1 bons frutos com este time\u201d, parabenizou Marcito Pinto.<\/span><\/p>\n","protected":false},"excerpt":{"rendered":"<p>Na noite da \u00faltima sexta-feira (29), a nova diretoria da Associa\u00e7\u00e3o Comercial e Industrial de Rolim de Moura (ACIRM), eleita no dia tomou posse. Autoridades, empres\u00e1rios e comunidade participaram do evento, al\u00e9m de diretores de outras Associa\u00e7\u00f5es Empresariais (ACE\u2019s) do Estado e representantes da Federa\u00e7\u00e3o das Associa\u00e7\u00f5es Comerciais e Empresariais de Rond\u00f4nia (Facer). Durante a [&hellip;]<\/p>\n","protected":false},"author":3,"featured_media":0,"comment_status":"open","ping_status":"open","sticky":false,"template":"","format":"standard","meta":{"tdm_status":"","tdm_grid_status":"","footnotes":""},"categories":[22],"tags":[],"class_list":{"0":"post-2288","1":"post","2":"type-post","3":"status-publish","4":"format-standard","6":"category-brasil"},"_links":{"self":[{"href":"https:\/\/migracao.redenoticia.com.br\/noticia\/wp-json\/wp\/v2\/posts\/2288","targetHints":{"allow":["GET"]}}],"collection":[{"href":"https:\/\/migracao.redenoticia.com.br\/noticia\/wp-json\/wp\/v2\/posts"}],"about":[{"href":"https:\/\/migracao.redenoticia.com.br\/noticia\/wp-json\/wp\/v2\/types\/post"}],"author":[{"embeddable":true,"href":"https:\/\/migracao.redenoticia.com.br\/noticia\/wp-json\/wp\/v2\/users\/3"}],"replies":[{"embeddable":true,"href":"https:\/\/migracao.redenoticia.com.br\/noticia\/wp-json\/wp\/v2\/comments?post=2288"}],"version-history":[{"count":0,"href":"https:\/\/migracao.redenoticia.com.br\/noticia\/wp-json\/wp\/v2\/posts\/2288\/revisions"}],"wp:attachment":[{"href":"https:\/\/migracao.redenoticia.com.br\/noticia\/wp-json\/wp\/v2\/media?parent=2288"}],"wp:term":[{"taxonomy":"category","embeddable":true,"href":"https:\/\/migracao.redenoticia.com.br\/noticia\/wp-json\/wp\/v2\/categories?post=2288"},{"taxonomy":"post_tag","embeddable":true,"href":"https:\/\/migracao.redenoticia.com.br\/noticia\/wp-json\/wp\/v2\/tags?post=2288"}],"curies":[{"name":"wp","href":"https:\/\/api.w.org\/{rel}","templated":true}]}}