{"id":228808,"date":"2023-01-28T20:18:05","date_gmt":"2023-01-28T23:18:05","guid":{"rendered":"https:\/\/www.redenoticia.com.br\/noticia\/2023\/dia-de-sorte-resultado-do-concurso-713-sorteado-sabado-28-01-2023\/228808"},"modified":"2023-01-29T05:39:24","modified_gmt":"2023-01-29T08:39:24","slug":"dia-de-sorte-resultado-do-concurso-713-sorteado-sabado-28-01-2023","status":"publish","type":"post","link":"https:\/\/migracao.redenoticia.com.br\/noticia\/2023\/dia-de-sorte-resultado-do-concurso-713-sorteado-sabado-28-01-2023\/228808","title":{"rendered":"Dia de Sorte: Resultado do concurso 713 sorteado  S\u00e1bado 28\/01\/2023"},"content":{"rendered":"<p>Resultado do Dia de Sorte, concurso 713, realizado no  S\u00e1bado, dia 28\/01\/2023, no Espa\u00e7o da Sorte, na cidade de S\u00e3o Paulo: <\/p>\n<h2>N\u00fameros Sorteados Dia de Sorte 713<\/h2>\n<div style =\"font-size: 1.3em;margin-bottom:20px;\"><b><span class=\"numberCircleDiaDeSorte\">02<\/span><\/td>\n<p> <span class=\"numberCircleDiaDeSorte\">04<\/span><\/td>\n<p> <span class=\"numberCircleDiaDeSorte\">06<\/span><\/td>\n<p> <span class=\"numberCircleDiaDeSorte\">08<\/span><\/td>\n<p> <span class=\"numberCircleDiaDeSorte\">12<\/span><\/td>\n<p> <span class=\"numberCircleDiaDeSorte\">13<\/span><\/td>\n<p> <span class=\"numberCircleDiaDeSorte\">22<\/span><\/td>\n<p>M\u00eas da Sorte: Novembro<\/b> <\/div>\n<h2>Premia\u00e7\u00e3o Dia de Sorte 713<\/h2>\n<table>\n<tr>\n<th>Acertos<\/th>\n<th>Ganhad.<\/th>\n<th>Pr\u00eamio<\/th>\n<\/tr>\n<tr>\n<td>  7  <\/td>\n<td>0<\/td>\n<td>0,00<\/td>\n<\/tr>\n<tr>\n<td>  6 <\/td>\n<td>56<\/td>\n<td>1.534,85<\/td>\n<\/tr>\n<tr>\n<td>  5 <\/td>\n<td>1.708<\/td>\n<td>20,00<\/td>\n<\/tr>\n<tr>\n<td>  4 <\/td>\n<td>20.607<\/td>\n<td>4,00<\/td>\n<\/tr>\n<tr>\n<td>  M\u00eas da Sorte <\/td>\n<td>60.106<\/td>\n<td>2,00<\/td>\n<\/tr>\n<\/table>\n<h2>Total de Apostas realizadas<\/h2>\n<p>No concurso 713 do Dia de Sorte foi realizado um total de 745.203 apostas.<\/p>\n<h2>Pr\u00f3ximo Sorteio da Dia de Sorte <\/h2>\n<p>O pr\u00f3ximo sorteio ser\u00e1 realizado Ter\u00e7a-feira 31\/01\/2023, no Espa\u00e7o da Sorte, na cidade de S\u00e3o Paulo. O pr\u00eamio previsto \u00e9 de R$ 700.000,00.<\/p>\n<h3>\u00daltimos Resultados do Dia de Sorte<\/h3>\n<p><lu><\/p>\n<li><a href=\"https:\/\/migracao.redenoticia.com.br\/noticia\/2023\/dia-de-sorte-resultado-do-concurso-713-sorteado-sabado-28-01-2023\/228808\">Dia de Sorte 713<\/a><\/li>\n<li><a href=\"https:\/\/migracao.redenoticia.com.br\/noticia\/2023\/dia-de-sorte-resultado-do-concurso-712-sorteado-quinta-feira-26-01-2023\/228748\">Dia de Sorte 712<\/a><\/li>\n<li><a href=\"https:\/\/migracao.redenoticia.com.br\/noticia\/2023\/dia-de-sorte-resultado-do-concurso-711-sorteado-terca-feira-24-01-2023\/228663\">Dia de Sorte 711<\/a><\/li>\n<li><a href=\"https:\/\/migracao.redenoticia.com.br\/noticia\/2023\/dia-de-sorte-resultado-do-concurso-710-sorteado-sabado-21-01-2023\/228572\">Dia de Sorte 710<\/a><\/li>\n<li><a href=\"https:\/\/migracao.redenoticia.com.br\/noticia\/2023\/dia-de-sorte-resultado-do-concurso-709-sorteado-quinta-feira-19-01-2023\/228505\">Dia de Sorte 709<\/a><\/li>\n<p><\/lu><\/p>\n","protected":false},"excerpt":{"rendered":"<p>Dia de Sorte 713 &#8211; Resultado, rateio e ganhadores do Dia de Sorte 713 sorteado em 28\/01\/2023.<\/p>\n","protected":false},"author":5,"featured_media":196327,"comment_status":"closed","ping_status":"","sticky":false,"template":"","format":"standard","meta":{"tdm_status":"","tdm_grid_status":"","footnotes":""},"categories":[478,335],"tags":[],"class_list":{"0":"post-228808","1":"post","2":"type-post","3":"status-publish","4":"format-standard","5":"has-post-thumbnail","7":"category-dia-de-sorte","8":"category-loteria"},"_links":{"self":[{"href":"https:\/\/migracao.redenoticia.com.br\/noticia\/wp-json\/wp\/v2\/posts\/228808","targetHints":{"allow":["GET"]}}],"collection":[{"href":"https:\/\/migracao.redenoticia.com.br\/noticia\/wp-json\/wp\/v2\/posts"}],"about":[{"href":"https:\/\/migracao.redenoticia.com.br\/noticia\/wp-json\/wp\/v2\/types\/post"}],"author":[{"embeddable":true,"href":"https:\/\/migracao.redenoticia.com.br\/noticia\/wp-json\/wp\/v2\/users\/5"}],"replies":[{"embeddable":true,"href":"https:\/\/migracao.redenoticia.com.br\/noticia\/wp-json\/wp\/v2\/comments?post=228808"}],"version-history":[{"count":0,"href":"https:\/\/migracao.redenoticia.com.br\/noticia\/wp-json\/wp\/v2\/posts\/228808\/revisions"}],"wp:featuredmedia":[{"embeddable":true,"href":"https:\/\/migracao.redenoticia.com.br\/noticia\/wp-json\/wp\/v2\/media\/196327"}],"wp:attachment":[{"href":"https:\/\/migracao.redenoticia.com.br\/noticia\/wp-json\/wp\/v2\/media?parent=228808"}],"wp:term":[{"taxonomy":"category","embeddable":true,"href":"https:\/\/migracao.redenoticia.com.br\/noticia\/wp-json\/wp\/v2\/categories?post=228808"},{"taxonomy":"post_tag","embeddable":true,"href":"https:\/\/migracao.redenoticia.com.br\/noticia\/wp-json\/wp\/v2\/tags?post=228808"}],"curies":[{"name":"wp","href":"https:\/\/api.w.org\/{rel}","templated":true}]}}