{"id":228860,"date":"2023-01-30T19:17:15","date_gmt":"2023-01-30T22:17:15","guid":{"rendered":"https:\/\/www.redenoticia.com.br\/noticia\/?p=228860"},"modified":"2023-01-30T19:17:15","modified_gmt":"2023-01-30T22:17:15","slug":"resumo-poliana-moca-31-01-formiga-e-imobilizado-pelos-segurancas-de-otto","status":"publish","type":"post","link":"https:\/\/migracao.redenoticia.com.br\/noticia\/2023\/resumo-poliana-moca-31-01-formiga-e-imobilizado-pelos-segurancas-de-otto\/228860","title":{"rendered":"Resumo \u201cPoliana Mo\u00e7a\u201d 31\/01: Formiga \u00e9 imobilizado pelos seguran\u00e7as de Otto"},"content":{"rendered":"<p> <img loading=\"lazy\" decoding=\"async\" class=\"aligncenter size-full wp-image-217353\" src=\"https:\/\/migracao.redenoticia.com.br\/noticia\/imagens\/poliana_moca_elenco.jpg\" alt=\"\" width=\"1280\" height=\"720\" srcset=\"https:\/\/migracao.redenoticia.com.br\/noticia\/imagens\/poliana_moca_elenco.jpg 1280w, https:\/\/migracao.redenoticia.com.br\/noticia\/imagens\/poliana_moca_elenco-250x140.jpg 250w, https:\/\/migracao.redenoticia.com.br\/noticia\/imagens\/poliana_moca_elenco-400x225.jpg 400w, https:\/\/migracao.redenoticia.com.br\/noticia\/imagens\/poliana_moca_elenco-768x432.jpg 768w, https:\/\/migracao.redenoticia.com.br\/noticia\/imagens\/poliana_moca_elenco-150x84.jpg 150w\" sizes=\"auto, (max-width: 1280px) 100vw, 1280px\" \/><\/p>\n<p><strong><em>Resumo da novela \u201cPoliana Mo\u00e7a\u201d<\/em><\/strong> em 31\/01: no cap\u00edtulo 227(*) da novela, Ruth faz um pedido de lanche na Ora P\u00e3es P\u00e3es, e o funcion\u00e1rio da padaria, Formiga, vai at\u00e9 a escola fazer a entrega. Logo no p\u00e1tio do col\u00e9gio, o garoto \u00e9 abordado e imobilizado pelos seguran\u00e7as de Otto, que protegem Poliana. Formiga abre a mochila t\u00e9rmica e nota que o lanche est\u00e1 todo revirado. Ele pede desculpas para Ruth, diz que saiu tudo do controle e come\u00e7a a chorar. Poliana escuta Song e Helena debochando do excesso de seguran\u00e7a para ela na escola.<\/p>\n<p>Mensagens de haters continuam chegando para Ben\u00edcio. T\u00e2nia fala para Celeste que as pe\u00e7as para o LUC2 j\u00e1 est\u00e3o sendo fabricadas e alega que, a partir de agora, Celeste vai assumir o caso do novo androide. T\u00e2nia pede para Celeste se aproximar de Poliana e obter novas informa\u00e7\u00f5es sobre o LUC1. Poliana declara a Otto que est\u00e1 sufocada com um monte de seguran\u00e7as em sua volta. Celeste representa a Luc4Tech na Escola Ruth Goulart em busca de jovens influenciadores, mas tudo n\u00e3o passa de um plano de Celeste para chegar perto de Poliana.<\/p>\n<p>Nanci j\u00e1 est\u00e1 sabendo dos boatos circulando sobre Lu\u00edsa morar com Otto. Nanci fala para Lu\u00edsa que ela e o pai de Poliana s\u00e3o fofos juntos e que todo mundo j\u00e1 percebeu o clima de romance no ar. Ruth diz para Otto que Formiga sofreu um constrangimento e dano moral e que ele precisa ter mais empatia e confiar nos seguran\u00e7as da escola. Formalmente, Otto pede desculpas para Formiga e expressa que o jovem pode contar com ele para qualquer coisa. Morando na rua junto com Waldisney e Violeta, Roger v\u00ea nas redes sociais que Valdin\u00e9ia est\u00e1 morando na casa da m\u00e3e Gl\u00f3ria.<\/p>\n<p>(*) edi\u00e7\u00e3o das novelas do SBT, \u201cPoliana Mo\u00e7a\u201d, sujeito a altera\u00e7\u00e3o de data e conte\u00fado.<\/p>\n<p>Sinopse \u201cPoliana Mo\u00e7a\u201d: Poliana (Sophia Valverde), agora com 15 anos, precisa enfrentar os dilemas t\u00edpicos da adolesc\u00eancia, como os dramas escolares, os planos para o futuro e a descoberta do amor entre o ex-valent\u00e3o Eric (Lucas Burgatti) e seu melhor amigo Jo\u00e3o (Igor Jansen), encontrando em Helena (Lu\u00edsa Bresser) uma rival no cora\u00e7\u00e3o dos dois.<\/p>\n","protected":false},"excerpt":{"rendered":"<p>Resumo da novela \u201cPoliana Mo\u00e7a\u201d em 31\/01: no cap\u00edtulo 227(*) da novela, Ruth faz um pedido de lanche na Ora P\u00e3es P\u00e3es, e o funcion\u00e1rio da padaria, Formiga, vai at\u00e9 a escola fazer a entrega. Logo no p\u00e1tio do col\u00e9gio, o garoto \u00e9 abordado e imobilizado pelos seguran\u00e7as de Otto, que protegem Poliana. Formiga abre [&hellip;]<\/p>\n","protected":false},"author":2,"featured_media":217354,"comment_status":"closed","ping_status":"closed","sticky":false,"template":"","format":"standard","meta":{"tdm_status":"","tdm_grid_status":"","footnotes":""},"categories":[379,2259,2025,372,343],"tags":[441],"class_list":{"0":"post-228860","1":"post","2":"type-post","3":"status-publish","4":"format-standard","5":"has-post-thumbnail","7":"category-novelas","8":"category-poliana-moca","9":"category-resumo","10":"category-sbt","11":"category-televisao","12":"tag-resumo-do-dia"},"_links":{"self":[{"href":"https:\/\/migracao.redenoticia.com.br\/noticia\/wp-json\/wp\/v2\/posts\/228860","targetHints":{"allow":["GET"]}}],"collection":[{"href":"https:\/\/migracao.redenoticia.com.br\/noticia\/wp-json\/wp\/v2\/posts"}],"about":[{"href":"https:\/\/migracao.redenoticia.com.br\/noticia\/wp-json\/wp\/v2\/types\/post"}],"author":[{"embeddable":true,"href":"https:\/\/migracao.redenoticia.com.br\/noticia\/wp-json\/wp\/v2\/users\/2"}],"replies":[{"embeddable":true,"href":"https:\/\/migracao.redenoticia.com.br\/noticia\/wp-json\/wp\/v2\/comments?post=228860"}],"version-history":[{"count":0,"href":"https:\/\/migracao.redenoticia.com.br\/noticia\/wp-json\/wp\/v2\/posts\/228860\/revisions"}],"wp:featuredmedia":[{"embeddable":true,"href":"https:\/\/migracao.redenoticia.com.br\/noticia\/wp-json\/wp\/v2\/media\/217354"}],"wp:attachment":[{"href":"https:\/\/migracao.redenoticia.com.br\/noticia\/wp-json\/wp\/v2\/media?parent=228860"}],"wp:term":[{"taxonomy":"category","embeddable":true,"href":"https:\/\/migracao.redenoticia.com.br\/noticia\/wp-json\/wp\/v2\/categories?post=228860"},{"taxonomy":"post_tag","embeddable":true,"href":"https:\/\/migracao.redenoticia.com.br\/noticia\/wp-json\/wp\/v2\/tags?post=228860"}],"curies":[{"name":"wp","href":"https:\/\/api.w.org\/{rel}","templated":true}]}}