{"id":22902,"date":"2010-02-02T13:13:08","date_gmt":"2010-02-02T17:13:08","guid":{"rendered":"http:\/\/www.redenoticia.com.br\/noticia\/?p=22902"},"modified":"2010-02-02T13:13:08","modified_gmt":"2010-02-02T17:13:08","slug":"rede-record-edu-guedes-lanca-livro-de-receitas","status":"publish","type":"post","link":"https:\/\/migracao.redenoticia.com.br\/noticia\/2010\/rede-record-edu-guedes-lanca-livro-de-receitas\/22902","title":{"rendered":"Rede Record &#8211; Edu Guedes lan\u00e7a livro de receitas"},"content":{"rendered":"<p><strong><em>Rede Record<\/em><\/strong> &#8211; o apresentador <strong><em>Edu Guedes<\/em><\/strong> revela os sabores da culin\u00e1ria nacional no livro \u201cDel\u00edcias do Brasil\u201d, que traz a marca Hoje em Dia da Rede Record, programa do qual \u00e9 um dos integrantes. Com 56 deliciosas receitas de todas as regi\u00f5es do Brasil, o livro ensina a fazer pratos como o vatap\u00e1 maranhense, o bob\u00f3 de camar\u00e3o do Nordeste, a galinhada do Centro-Oeste, o cuscuz paulista e o barreado do Sul, entre tantos outros. Ilustrado com 25 imagens, traz ainda dicas de cozinha, gloss\u00e1rio e um panorama da culin\u00e1ria regional.<\/p>\n<p>Em espiral, num formato pr\u00e1tico para ser usado na cozinha, a obra ser\u00e1 vendida em bancas e livrarias. O livro \u00e9 editado pela Nova Cultural, em parceria com a Record Entretenimento.<\/p>\n<p>Biografia &#8211; Eduardo Sanches Guedes (S\u00e3o Paulo, 18 de Maio de 1974) \u00e9 um chef de cozinha brasileiro, apresentador do programa de televis\u00e3o Hoje em Dia, na Rede Record de Televis\u00e3o.<\/p>\n<p>O gosto pela culin\u00e1ria surgiu na inf\u00e2ncia quando admirava a sua av\u00f3 materna a cozinhar. Cursou faculdade de Administra\u00e7\u00e3o de Empresas na FMU-SP. Estudou gastronomia em Bologna, na It\u00e1lia. Profissionalmente, ingressou neste ramo em 1996 com o projeto de uma sorveteria, no bairro de Moema, em S\u00e3o Paulo.<\/p>\n<p>Em 2001, Edu Guedes foi convidado a fazer parte do programa Note e Anote na Rede Record. Durante tr\u00eas anos preparava pratos diferenciados e colocava em pr\u00e1tica todos os conhecimentos tanto no est\u00fadio como em mat\u00e9rias externas.<\/p>\n<p>Em 2004, a convite de Paulo Henrique Amorim, passou a fazer parte do programa Tudo a Ver (Rede Record) com o quadro T\u00e1 na Mesa. Neste per\u00edodo frente a televis\u00e3o, sa\u00eda a campo para fazer reportagens que mostrassem a culin\u00e1ria nas ruas e a comida do dia-a-dia brasileiro. \u201cEste foi o meu maior aprendizado\u201d, conclui Edu Guedes. Neste mesmo ano casou com a apresentadora Eliana.<\/p>\n<p>Tamb\u00e9m na Rede Record em agosto de 2005, passa a formar o trio de apresentadores do programa Hoje em Dia ao lado de Ana Hickmann e Britto J\u00fanior. Algum tempo depois o trio virou quarteto com a presen\u00e7a de Chris Flores.<\/p>\n<p>Em 19 de abril de 2007, a apresentadora Eliana, por meio de sua assessoria, comunicou o fim do casamento com Eduardo Guedes.<\/p>\n<p>Al\u00e9m de apresentador \u00e9 piloto na competi\u00e7\u00e3o Itaipava Trofeo Maserati. Em 2 de maio de 2009 estreou o programa Receita para Dois, no canal Record News.<\/p>\n<p>Rede Record e Wikip\u00e9dia<\/p>\n","protected":false},"excerpt":{"rendered":"<p>Rede Record &#8211; o apresentador Edu Guedes revela os sabores da culin\u00e1ria nacional no livro \u201cDel\u00edcias do Brasil\u201d, que traz a marca Hoje em Dia da Rede Record, programa do qual \u00e9 um dos integrantes. Com 56 deliciosas receitas de todas as regi\u00f5es do Brasil, o livro ensina a fazer pratos como o vatap\u00e1 maranhense, [&hellip;]<\/p>\n","protected":false},"author":3,"featured_media":0,"comment_status":"open","ping_status":"open","sticky":false,"template":"","format":"standard","meta":{"tdm_status":"","tdm_grid_status":"","footnotes":""},"categories":[22,371,343],"tags":[],"class_list":{"0":"post-22902","1":"post","2":"type-post","3":"status-publish","4":"format-standard","6":"category-brasil","7":"category-rede-record","8":"category-televisao"},"_links":{"self":[{"href":"https:\/\/migracao.redenoticia.com.br\/noticia\/wp-json\/wp\/v2\/posts\/22902","targetHints":{"allow":["GET"]}}],"collection":[{"href":"https:\/\/migracao.redenoticia.com.br\/noticia\/wp-json\/wp\/v2\/posts"}],"about":[{"href":"https:\/\/migracao.redenoticia.com.br\/noticia\/wp-json\/wp\/v2\/types\/post"}],"author":[{"embeddable":true,"href":"https:\/\/migracao.redenoticia.com.br\/noticia\/wp-json\/wp\/v2\/users\/3"}],"replies":[{"embeddable":true,"href":"https:\/\/migracao.redenoticia.com.br\/noticia\/wp-json\/wp\/v2\/comments?post=22902"}],"version-history":[{"count":0,"href":"https:\/\/migracao.redenoticia.com.br\/noticia\/wp-json\/wp\/v2\/posts\/22902\/revisions"}],"wp:attachment":[{"href":"https:\/\/migracao.redenoticia.com.br\/noticia\/wp-json\/wp\/v2\/media?parent=22902"}],"wp:term":[{"taxonomy":"category","embeddable":true,"href":"https:\/\/migracao.redenoticia.com.br\/noticia\/wp-json\/wp\/v2\/categories?post=22902"},{"taxonomy":"post_tag","embeddable":true,"href":"https:\/\/migracao.redenoticia.com.br\/noticia\/wp-json\/wp\/v2\/tags?post=22902"}],"curies":[{"name":"wp","href":"https:\/\/api.w.org\/{rel}","templated":true}]}}