{"id":22905,"date":"2010-02-02T13:18:26","date_gmt":"2010-02-02T17:18:26","guid":{"rendered":"http:\/\/www.redenoticia.com.br\/noticia\/?p=22905"},"modified":"2010-02-02T13:18:26","modified_gmt":"2010-02-02T17:18:26","slug":"rede-record-cacau-mello-de-a-fazenda-assina-contrato-de-5-anos","status":"publish","type":"post","link":"https:\/\/migracao.redenoticia.com.br\/noticia\/2010\/rede-record-cacau-mello-de-a-fazenda-assina-contrato-de-5-anos\/22905","title":{"rendered":"Rede Record &#8211; Cacau Mello de A Fazenda assina contrato de 5 anos"},"content":{"rendered":"<p><strong><em><img loading=\"lazy\" decoding=\"async\" class=\"alignleft size-full wp-image-17492\" title=\"a fazenda 2\" src=\"https:\/\/migracao.redenoticia.com.br\/noticia\/imagens\/a-fazenda-2.jpg\" alt=\"\" width=\"300\" height=\"193\" srcset=\"https:\/\/migracao.redenoticia.com.br\/noticia\/imagens\/a-fazenda-2.jpg 300w, https:\/\/migracao.redenoticia.com.br\/noticia\/imagens\/a-fazenda-2-250x160.jpg 250w, https:\/\/migracao.redenoticia.com.br\/noticia\/imagens\/a-fazenda-2-150x96.jpg 150w\" sizes=\"auto, (max-width: 300px) 100vw, 300px\" \/>Rede Record<\/em><\/strong> \u2013 a Atriz <strong><em>Cacau Mello<\/em><\/strong> vai ficar na Rede Record por cinco anos Rec\u00e9m sa\u00edda do reality show &#8220;<strong><em>A Fazenda<\/em><\/strong> 2&#8243;, a atriz Cacau Mello \u00e9 uma das mais novas contratadas da Record para o setor de teledramaturgia. Cacau que teve passagens pelas produ\u00e7\u00f5es &#8220;Caminho das \u00cdndias&#8221;, &#8220;Amaz\u00f4nia&#8221; e &#8220;Am\u00e9rica&#8221;, todas na Rede Globo, assinou h\u00e1 poucos dias um contrato de cinco anos com a emissora paulista.<\/p>\n<p>Carreira &#8211; Em 2004 teve sua primeira experi\u00eancia na televis\u00e3o, um seriado do Canal Futura, dirigido pelo cineasta Marco Altberg, chamado Aprendendo a Empreender, onde interpretava Renata, uma menina estudiosa e cheia de id\u00e9ias novas que batalhava pra manter de p\u00e9 a pousada da fam\u00edlia.<\/p>\n<p>Em 2005 Cacau Melo ganhou o concurso A Nova das 8, do programa Caldeir\u00e3o do Huck, que buscava uma jovem atriz para estrear em Am\u00e9rica, de Gl\u00f3ria Perez, 55% dos votos. Cacau Melo concorreu com mais de 300 jovens atrizes.<\/p>\n<p>No in\u00edcio de 2006, Cacau fez a pe\u00e7a A.M.I.G.A.S &#8211; Associa\u00e7\u00e3o das Mulheres Interessadas em Gargalhadas, Amor e Sexo, de Cl\u00e1udia Mello e com dire\u00e7\u00e3o de Duda Ribeiro, onde contracenou com atores como Bianca Castanho, L\u00edvia Rossy, Nina Morena e Fernando Caruso. Tamb\u00e9m esteve em cartaz ao lado de T\u00e2nia Alves e Vera Setta no sucesso &#8220;Os Mon\u00f3logos da Vagina&#8221;, h\u00e1 oito anos em cartaz. A atriz substituiu Fafy Siqueira.<\/p>\n<p>Em 2009, participou do reality show A Fazenda 2, na Rede Record, e foi eliminada na 9\u00aa semana. Antes de deixar o programa, Cacau ganhou um carro em uma das provas da competi\u00e7\u00e3o.<\/p>\n<p>Rede Recor A Fazenda &#8211; Wikip\u00e9dia<\/p>\n","protected":false},"excerpt":{"rendered":"<p>Rede Record \u2013 a Atriz Cacau Mello vai ficar na Rede Record por cinco anos Rec\u00e9m sa\u00edda do reality show &#8220;A Fazenda 2&#8243;, a atriz Cacau Mello \u00e9 uma das mais novas contratadas da Record para o setor de teledramaturgia. Cacau que teve passagens pelas produ\u00e7\u00f5es &#8220;Caminho das \u00cdndias&#8221;, &#8220;Amaz\u00f4nia&#8221; e &#8220;Am\u00e9rica&#8221;, todas na Rede [&hellip;]<\/p>\n","protected":false},"author":3,"featured_media":17492,"comment_status":"open","ping_status":"open","sticky":false,"template":"","format":"standard","meta":{"tdm_status":"","tdm_grid_status":"","footnotes":""},"categories":[22,371,343],"tags":[],"class_list":{"0":"post-22905","1":"post","2":"type-post","3":"status-publish","4":"format-standard","5":"has-post-thumbnail","7":"category-brasil","8":"category-rede-record","9":"category-televisao"},"_links":{"self":[{"href":"https:\/\/migracao.redenoticia.com.br\/noticia\/wp-json\/wp\/v2\/posts\/22905","targetHints":{"allow":["GET"]}}],"collection":[{"href":"https:\/\/migracao.redenoticia.com.br\/noticia\/wp-json\/wp\/v2\/posts"}],"about":[{"href":"https:\/\/migracao.redenoticia.com.br\/noticia\/wp-json\/wp\/v2\/types\/post"}],"author":[{"embeddable":true,"href":"https:\/\/migracao.redenoticia.com.br\/noticia\/wp-json\/wp\/v2\/users\/3"}],"replies":[{"embeddable":true,"href":"https:\/\/migracao.redenoticia.com.br\/noticia\/wp-json\/wp\/v2\/comments?post=22905"}],"version-history":[{"count":0,"href":"https:\/\/migracao.redenoticia.com.br\/noticia\/wp-json\/wp\/v2\/posts\/22905\/revisions"}],"wp:featuredmedia":[{"embeddable":true,"href":"https:\/\/migracao.redenoticia.com.br\/noticia\/wp-json\/wp\/v2\/media\/17492"}],"wp:attachment":[{"href":"https:\/\/migracao.redenoticia.com.br\/noticia\/wp-json\/wp\/v2\/media?parent=22905"}],"wp:term":[{"taxonomy":"category","embeddable":true,"href":"https:\/\/migracao.redenoticia.com.br\/noticia\/wp-json\/wp\/v2\/categories?post=22905"},{"taxonomy":"post_tag","embeddable":true,"href":"https:\/\/migracao.redenoticia.com.br\/noticia\/wp-json\/wp\/v2\/tags?post=22905"}],"curies":[{"name":"wp","href":"https:\/\/api.w.org\/{rel}","templated":true}]}}