{"id":2291,"date":"2009-06-03T18:47:10","date_gmt":"2009-06-03T22:47:10","guid":{"rendered":"http:\/\/www.redenoticia.com.br\/noticia\/?p=2291"},"modified":"2009-06-03T19:05:21","modified_gmt":"2009-06-03T23:05:21","slug":"jesualdo-repudia-declaracoes-do-ministro-minc","status":"publish","type":"post","link":"https:\/\/migracao.redenoticia.com.br\/noticia\/2009\/jesualdo-repudia-declaracoes-do-ministro-minc\/2291","title":{"rendered":"Deputado Jesualdo repudia declara\u00e7\u00f5es do Minc"},"content":{"rendered":"<p><span style=\"font-family: Times New Roman; font-size: small;\">O deputado estadual Jesualdo Pires  criticou ontem a forma como o Ministro do Meio Ambiente Carlos Minc vem tratando  os produtores rurais do Pa\u00eds. Jesualdo repudiou de forma veemente o fato de o  Ministro ter chamado os produtores rurais de vigaristas e fingidos.<\/span><\/p>\n<p><span style=\"font-family: Times New Roman; font-size: small;\">Para o deputado do PSB de Rond\u00f4nia, os agricultores  formam o mais importante pilar da economia nacional e merecem o m\u00e1ximo de  respeito, porque s\u00e3o respons\u00e1veis por mais de um ter\u00e7o da PIB  Brasileiro.<\/span><\/p>\n<p><span style=\"font-family: Times New Roman; font-size: small;\">A pol\u00edtica de meio ambiente imposta pelo  Ministro \u00e9 uma pol\u00edtica que tem causado um verdadeiro terror aos agricultores,  principalmente na Regi\u00e3o Norte onde a grande maioria dos produtores s\u00e3o  agricultores familiares e que necessitam de maior apoio do Governo  Federal.<\/span><\/p>\n<p><span style=\"font-family: Times New Roman; font-size: small;\">\u201cN\u00e3o admitimos em hip\u00f3tese alguma esse  tipo de afronta a nossos agricultores que j\u00e1 sofrem com a falta de cr\u00e9ditos  agr\u00edcolas e com as exig\u00eancias absurdas e rigorosas impostas pelo Minist\u00e9rio do  Senhor Minc\u201d, rebateu. <\/span><\/p>\n<p><span style=\"font-family: Times New Roman; font-size: small;\">Jesualdo afirmou que o Ministro precisa  ter uma vis\u00e3o voltada para o futuro do pa\u00eds, e acrescentou que a preserva\u00e7\u00e3o  ambiental e o desenvolvimento devem andar juntos, buscando criar melhores  condi\u00e7\u00f5es para o homem do campo e n\u00e3o o contr\u00e1rio.<\/span><\/p>\n<p><span style=\"font-family: Times New Roman; font-size: small;\">As criticas do Ministro ao produtores  tamb\u00e9m foram rebatidas pela Contag, Confedera\u00e7\u00e3o Nacional da Agricultura e das  Federa\u00e7\u00f5es de Agricultura em v\u00e1rios Estados.<\/span><\/p>\n","protected":false},"excerpt":{"rendered":"<p>O deputado estadual Jesualdo Pires criticou ontem a forma como o Ministro do Meio Ambiente Carlos Minc vem tratando os produtores rurais do Pa\u00eds. Jesualdo repudiou de forma veemente o fato de o Ministro ter chamado os produtores rurais de vigaristas e fingidos. Para o deputado do PSB de Rond\u00f4nia, os agricultores formam o mais [&hellip;]<\/p>\n","protected":false},"author":3,"featured_media":0,"comment_status":"open","ping_status":"open","sticky":false,"template":"","format":"standard","meta":{"tdm_status":"","tdm_grid_status":"","footnotes":""},"categories":[22],"tags":[],"class_list":{"0":"post-2291","1":"post","2":"type-post","3":"status-publish","4":"format-standard","6":"category-brasil"},"_links":{"self":[{"href":"https:\/\/migracao.redenoticia.com.br\/noticia\/wp-json\/wp\/v2\/posts\/2291","targetHints":{"allow":["GET"]}}],"collection":[{"href":"https:\/\/migracao.redenoticia.com.br\/noticia\/wp-json\/wp\/v2\/posts"}],"about":[{"href":"https:\/\/migracao.redenoticia.com.br\/noticia\/wp-json\/wp\/v2\/types\/post"}],"author":[{"embeddable":true,"href":"https:\/\/migracao.redenoticia.com.br\/noticia\/wp-json\/wp\/v2\/users\/3"}],"replies":[{"embeddable":true,"href":"https:\/\/migracao.redenoticia.com.br\/noticia\/wp-json\/wp\/v2\/comments?post=2291"}],"version-history":[{"count":0,"href":"https:\/\/migracao.redenoticia.com.br\/noticia\/wp-json\/wp\/v2\/posts\/2291\/revisions"}],"wp:attachment":[{"href":"https:\/\/migracao.redenoticia.com.br\/noticia\/wp-json\/wp\/v2\/media?parent=2291"}],"wp:term":[{"taxonomy":"category","embeddable":true,"href":"https:\/\/migracao.redenoticia.com.br\/noticia\/wp-json\/wp\/v2\/categories?post=2291"},{"taxonomy":"post_tag","embeddable":true,"href":"https:\/\/migracao.redenoticia.com.br\/noticia\/wp-json\/wp\/v2\/tags?post=2291"}],"curies":[{"name":"wp","href":"https:\/\/api.w.org\/{rel}","templated":true}]}}